{"id":9995,"date":"2026-07-19T19:36:06","date_gmt":"2026-07-19T22:36:06","guid":{"rendered":"https:\/\/radiokissnoticias.com.ar\/web\/?p=9995"},"modified":"2026-07-19T19:36:06","modified_gmt":"2026-07-19T22:36:06","slug":"la-fiesta-de-la-virgen-del-carmen-renovo-el-compromiso-sinodal","status":"publish","type":"post","link":"https:\/\/radiokissnoticias.com.ar\/web\/2026\/07\/19\/la-fiesta-de-la-virgen-del-carmen-renovo-el-compromiso-sinodal\/","title":{"rendered":"La fiesta de la Virgen del Carmen renov\u00f3 el compromiso sinodal"},"content":{"rendered":"<p>La comunidad Virgen del Carmen, del barrio Francisco Palau, vivi\u00f3 los festejos patronales en honor de su patrona, desarrollado bajo el lema &#8220;Con Mar\u00eda del Carmen, Iglesia sinodal, comuni\u00f3n, participaci\u00f3n y misi\u00f3n&#8221;, en plena sinton\u00eda con el camino pastoral que impulsa la di\u00f3cesis de Goya.<\/p>\n<p>La fiesta comenz\u00f3 con la tradicional procesi\u00f3n por las calles del barrio y continu\u00f3 con la celebraci\u00f3n eucar\u00edstica presidida por el p\u00e1rroco Boris Escobar Sejas y concelebrada por los sacerdotes Gonzalo Sotelo y Juli\u00e1n Duarte, misionero redentorista, quien durante los nueve d\u00edas de la novena acompa\u00f1\u00f3 a la comunidad con predicaciones caracterizadas por un lenguaje cercano, sencillo y profundamente evangelizador, enriquecidas con ejemplos cotidianos y un sano humor que favoreci\u00f3 la participaci\u00f3n de los fieles.<\/p>\n<p><b>HOMILIA<br \/>\n<\/b><br \/>\nEl padre Juli\u00e1n Duarte invit\u00f3 a que la novena no concluyera con la fiesta lit\u00fargica, sino que se transformara en un renovado impulso para seguir caminando como una Iglesia sinodal, en comuni\u00f3n, participaci\u00f3n y misi\u00f3n, tal como propone el magisterio de la Iglesia y alienta el obispo diocesano, monse\u00f1or Adolfo Ram\u00f3n Canec\u00edn.<\/p>\n<p>Destac\u00f3 que Mar\u00eda del Carmen es &#8220;Madre, gu\u00eda y compa\u00f1era de nuestro camino&#8221;.<\/p>\n<p>En ese sentido evoc\u00f3 una expresi\u00f3n frecuente del obispo Canec\u00edn: &#8220;El que quiere llegar lejos no camina solo, sino que camina con sus hermanos y con la Madre que Dios nos ha dado&#8221;.<\/p>\n<p>Meditando el Evangelio de Jes\u00fas perdido y hallado en el templo (Lc 2,41-52), el padre Juli\u00e1n Duarte advirti\u00f3 sobre el riesgo de vivir la fe \u00fanicamente como una costumbre.<\/p>\n<p>&#8220;Podemos caminar mucho tiempo creyendo que todo est\u00e1 bien y no advertir que hemos dejado a Jes\u00fas atr\u00e1s&#8221;, expres\u00f3.<\/p>\n<p>Record\u00f3 la ense\u00f1anza del documento de Aparecida, que se\u00f1ala que Cristo permanece vivo en la Eucarist\u00eda, en la comunidad, en los sacramentos y especialmente en la celebraci\u00f3n eucar\u00edstica.<\/p>\n<p>Exhort\u00f3 a las familias a buscar constantemente a Jes\u00fas y a perseverar en el camino de la fe, sostenidos por la intercesi\u00f3n maternal de Mar\u00eda.<\/p>\n<p>Retomando otra ense\u00f1anza de monse\u00f1or Canec\u00edn, el padre Duarte afirm\u00f3 que Mar\u00eda es el modelo del caminar juntos, porque no se adelanta para mandar, sino que acompa\u00f1a, sostiene al que se cansa, anima al que duda y ense\u00f1a el valor de la escucha y de la comuni\u00f3n.<\/p>\n<p>&#8220;Desde el Monte Carmelo, Mar\u00eda nos muestra las actitudes esenciales para construir una Iglesia que camina unida y anuncia el Evangelio con alegr\u00eda&#8221;, concluy\u00f3.-<\/p>\n<p>PRENSA OBISPADO DE GOYA<\/p>\n","protected":false},"excerpt":{"rendered":"<p>La comunidad Virgen del Carmen, del barrio Francisco Palau, vivi\u00f3 los festejos patronales en honor de su patrona, desarrollado bajo el lema &#8220;Con Mar\u00eda del Carmen, Iglesia sinodal, comuni\u00f3n, participaci\u00f3n y misi\u00f3n&#8221;, en plena sinton\u00eda con el camino pastoral que impulsa la di\u00f3cesis de Goya. La fiesta comenz\u00f3 con la tradicional procesi\u00f3n por las calles [&hellip;]<\/p>\n","protected":false},"author":2,"featured_media":9996,"comment_status":"open","ping_status":"open","sticky":false,"template":"","format":"standard","meta":{"footnotes":""},"categories":[77],"tags":[],"class_list":["post-9995","post","type-post","status-publish","format-standard","has-post-thumbnail","category-local"],"_links":{"self":[{"href":"https:\/\/radiokissnoticias.com.ar\/web\/wp-json\/wp\/v2\/posts\/9995","targetHints":{"allow":["GET"]}}],"collection":[{"href":"https:\/\/radiokissnoticias.com.ar\/web\/wp-json\/wp\/v2\/posts"}],"about":[{"href":"https:\/\/radiokissnoticias.com.ar\/web\/wp-json\/wp\/v2\/types\/post"}],"author":[{"embeddable":true,"href":"https:\/\/radiokissnoticias.com.ar\/web\/wp-json\/wp\/v2\/users\/2"}],"replies":[{"embeddable":true,"href":"https:\/\/radiokissnoticias.com.ar\/web\/wp-json\/wp\/v2\/comments?post=9995"}],"version-history":[{"count":1,"href":"https:\/\/radiokissnoticias.com.ar\/web\/wp-json\/wp\/v2\/posts\/9995\/revisions"}],"predecessor-version":[{"id":9997,"href":"https:\/\/radiokissnoticias.com.ar\/web\/wp-json\/wp\/v2\/posts\/9995\/revisions\/9997"}],"wp:featuredmedia":[{"embeddable":true,"href":"https:\/\/radiokissnoticias.com.ar\/web\/wp-json\/wp\/v2\/media\/9996"}],"wp:attachment":[{"href":"https:\/\/radiokissnoticias.com.ar\/web\/wp-json\/wp\/v2\/media?parent=9995"}],"wp:term":[{"taxonomy":"category","embeddable":true,"href":"https:\/\/radiokissnoticias.com.ar\/web\/wp-json\/wp\/v2\/categories?post=9995"},{"taxonomy":"post_tag","embeddable":true,"href":"https:\/\/radiokissnoticias.com.ar\/web\/wp-json\/wp\/v2\/tags?post=9995"}],"curies":[{"name":"wp","href":"https:\/\/api.w.org\/{rel}","templated":true}]}}