{"id":9989,"date":"2026-07-19T13:05:26","date_gmt":"2026-07-19T16:05:26","guid":{"rendered":"https:\/\/radiokissnoticias.com.ar\/web\/?p=9989"},"modified":"2026-07-19T13:05:26","modified_gmt":"2026-07-19T16:05:26","slug":"el-plantel-femenino-u17-de-amad-avanza-en-liga-federal","status":"publish","type":"post","link":"https:\/\/radiokissnoticias.com.ar\/web\/2026\/07\/19\/el-plantel-femenino-u17-de-amad-avanza-en-liga-federal\/","title":{"rendered":"El plantel femenino U17 de AMAD avanza en Liga Federal"},"content":{"rendered":"<p>El s\u00e1bado 18 de julio el equipo categor\u00eda juveniles femenino del club AMAD viaj\u00f3 a Formosa donde disput\u00f3 dos partidos \u2013 segundo turno &#8211; por la Liga Federal de Basquetbol que se juega en tres etapas, por lo que en los pr\u00f3ximos d\u00edas deber\u00e1 presentarse en la ciudad de Ober\u00e1. Como la vez anterior, en el inicio del certamen, el equipo de Goya se impuso ante Ober\u00e1 Tenis Club y Sarmiento.<\/p>\n<p>AMAD 62 \u2013 52 Ober\u00e1 Tenis Club<\/p>\n<p>AMAD 51 \u2013 31 Sarmiento<\/p>\n","protected":false},"excerpt":{"rendered":"<p>El s\u00e1bado 18 de julio el equipo categor\u00eda juveniles femenino del club AMAD viaj\u00f3 a Formosa donde disput\u00f3 dos partidos \u2013 segundo turno &#8211; por la Liga Federal de Basquetbol que se juega en tres etapas, por lo que en los pr\u00f3ximos d\u00edas deber\u00e1 presentarse en la ciudad de Ober\u00e1. Como la vez anterior, en [&hellip;]<\/p>\n","protected":false},"author":2,"featured_media":9990,"comment_status":"open","ping_status":"open","sticky":false,"template":"","format":"standard","meta":{"footnotes":""},"categories":[83],"tags":[],"class_list":["post-9989","post","type-post","status-publish","format-standard","has-post-thumbnail","category-deporte"],"_links":{"self":[{"href":"https:\/\/radiokissnoticias.com.ar\/web\/wp-json\/wp\/v2\/posts\/9989","targetHints":{"allow":["GET"]}}],"collection":[{"href":"https:\/\/radiokissnoticias.com.ar\/web\/wp-json\/wp\/v2\/posts"}],"about":[{"href":"https:\/\/radiokissnoticias.com.ar\/web\/wp-json\/wp\/v2\/types\/post"}],"author":[{"embeddable":true,"href":"https:\/\/radiokissnoticias.com.ar\/web\/wp-json\/wp\/v2\/users\/2"}],"replies":[{"embeddable":true,"href":"https:\/\/radiokissnoticias.com.ar\/web\/wp-json\/wp\/v2\/comments?post=9989"}],"version-history":[{"count":1,"href":"https:\/\/radiokissnoticias.com.ar\/web\/wp-json\/wp\/v2\/posts\/9989\/revisions"}],"predecessor-version":[{"id":9991,"href":"https:\/\/radiokissnoticias.com.ar\/web\/wp-json\/wp\/v2\/posts\/9989\/revisions\/9991"}],"wp:featuredmedia":[{"embeddable":true,"href":"https:\/\/radiokissnoticias.com.ar\/web\/wp-json\/wp\/v2\/media\/9990"}],"wp:attachment":[{"href":"https:\/\/radiokissnoticias.com.ar\/web\/wp-json\/wp\/v2\/media?parent=9989"}],"wp:term":[{"taxonomy":"category","embeddable":true,"href":"https:\/\/radiokissnoticias.com.ar\/web\/wp-json\/wp\/v2\/categories?post=9989"},{"taxonomy":"post_tag","embeddable":true,"href":"https:\/\/radiokissnoticias.com.ar\/web\/wp-json\/wp\/v2\/tags?post=9989"}],"curies":[{"name":"wp","href":"https:\/\/api.w.org\/{rel}","templated":true}]}}