{"id":9955,"date":"2026-07-18T21:55:30","date_gmt":"2026-07-19T00:55:30","guid":{"rendered":"https:\/\/radiokissnoticias.com.ar\/web\/?p=9955"},"modified":"2026-07-18T21:55:30","modified_gmt":"2026-07-19T00:55:30","slug":"sergio-egea-argentina-tiene-un-grupo-de-gladiadores-y-con-messi-puede-marcar-la-diferencia-ante-espana","status":"publish","type":"post","link":"https:\/\/radiokissnoticias.com.ar\/web\/2026\/07\/18\/sergio-egea-argentina-tiene-un-grupo-de-gladiadores-y-con-messi-puede-marcar-la-diferencia-ante-espana\/","title":{"rendered":"Sergio Egea: &#8220;Argentina tiene un grupo de gladiadores y con Messi puede marcar la diferencia ante Espa\u00f1a&#8221;"},"content":{"rendered":"<p>El entrenador argentino, con familiares en Goya, radicado en Espa\u00f1a desde hace 46 a\u00f1os repas\u00f3 su extensa carrera en el f\u00fatbol internacional y analiz\u00f3 la final del Mundial, este domingo, entre la Selecci\u00f3n Argentina y Espa\u00f1a. Sergio Egea destac\u00f3 las fortalezas de ambos equipos y, aunque reconoce el cari\u00f1o que siente por su pa\u00eds de adopci\u00f3n, confes\u00f3 que espera un nuevo t\u00edtulo para la Albiceleste. &#8220;Me gustar\u00eda que fuera Argentina. Ser bicampe\u00f3n del mundo ser\u00eda algo hist\u00f3rico\u201d, confes\u00f3.<\/p>\n<p>La final del Mundial de f\u00fatbol tendr\u00e1 un condimento especial para Sergio Horacio Egea. Nacido en la provincia de Buenos Aires y radicado en Alicante desde 1980, el ex futbolista y entrenador vivir\u00e1 un duelo cargado de emociones entre Argentina y Espa\u00f1a, los dos pa\u00edses que marcaron su vida.<\/p>\n<p>La final del Mundial de f\u00fatbol tendr\u00e1 un condimento especial para Sergio Horacio Egea. Nacido en la provincia de Buenos Aires y radicado en Alicante desde 1980, el ex futbolista y entrenador vivir\u00e1 un duelo cargado de emociones entre Argentina y Espa\u00f1a, los dos pa\u00edses que marcaron su vida.<\/p>\n<p>Durante una entrevista periodistica,\u00a0el experimentado director t\u00e9cnico repas\u00f3 su trayectoria profesional, record\u00f3 su paso por clubes de Europa, M\u00e9xico y Guatemala, y realiz\u00f3 un profundo an\u00e1lisis t\u00e1ctico del encuentro decisivo.<\/p>\n<p><b>DE ARGENTINA A SUDAFRICA Y DE AH\u00cd A ESPA\u00d1A<\/b><\/p>\n<p>Egea record\u00f3 que comenz\u00f3 su camino futbol\u00edstico en las divisiones inferiores de Estudiantes de La Plata, hasta que una oportunidad lo llev\u00f3 a Sud\u00e1frica a mediados de la d\u00e9cada del 70. \u201cMe fui a Johannesburgo a jugar al f\u00fatbol. Estuve tres a\u00f1os all\u00e1, fue una experiencia preciosa, linda\u201d, dijo el nacido en Deferrari un pueblito rural cercano a Necochea.<\/p>\n<p>Cont\u00f3 que en 1980 recal\u00f3 en Espa\u00f1a, donde desarroll\u00f3 la mayor parte de su carrera como jugador en clubes como Las Palmas, H\u00e9rcules, Elche, Huelva y Orihuela.<\/p>\n<p>Una lesi\u00f3n de rodilla puso fin a su etapa como futbolista, pero abri\u00f3 una nueva puerta como entrenador. Desde fines de los a\u00f1os 80 inici\u00f3 una extensa trayectoria en los bancos de suplentes, dirigiendo en distintas categor\u00edas del f\u00fatbol espa\u00f1ol.<\/p>\n<p>Su carrera tambi\u00e9n lo llev\u00f3 a integrar el cuerpo t\u00e9cnico de Jorge Valdano (campe\u00f3n Mundial en M\u00e9xico 86 junto a Maradona) en el Real Madrid B y posteriormente a trabajar junto al hist\u00f3rico goleador mexicano Hugo S\u00e1nchez durante quince a\u00f1os en M\u00e9xico, donde dirigi\u00f3 equipos como Pumas, Necaxa y tambi\u00e9n integr\u00f3 el cuerpo t\u00e9cnico de la selecci\u00f3n mexicana.<\/p>\n<p>\u201cM\u00e9xico me recibi\u00f3 muy bien, muy linda gente. La verdad que content\u00edsimo del pa\u00eds, el trabajo tambi\u00e9n, el trabajo muy bueno. M\u00e9xico, Argentina y Brasil son potencia en el futbol de Am\u00e9rica. Muchos futbolistas argentinos que no pueden por X causa llegar a Europa, van a M\u00e9xico a jugar y competir\u201d, remarc\u00f3 Sergio Egea.<\/p>\n<p>M\u00e1s tarde asumi\u00f3 la conducci\u00f3n del Real Oviedo, instituci\u00f3n a la que logr\u00f3 devolver a la Segunda Divisi\u00f3n espa\u00f1ola tras doce a\u00f1os de ausencia en la categor\u00eda. Su recorrido profesional continu\u00f3 en Guatemala, donde permaneci\u00f3 hasta la pandemia de COVID-19.<\/p>\n<p><b>LA FINAL ENTRE ARGENTINA Y ESPA\u00d1A<\/b><\/p>\n<p>Consultado sobre la final del Mundial de Futbol 2026, entre Argentina y Espa\u00f1a, este domingo en Nueva York (EEUU) desde su experiencia como entrenador, Egea sostuvo que el encuentro ser\u00e1 extremadamente equilibrado.<\/p>\n<p>&#8220;Llegan dos selecciones en un gran momento. Es un partido 50 y 50&#8221;, sostuvo. El entrenador explic\u00f3 que Espa\u00f1a posee una identidad de juego basada en la tenencia de la pelota, la precisi\u00f3n t\u00e9cnica y la movilidad permanente de sus futbolistas, lo que convierte al equipo europeo en uno de los m\u00e1s dif\u00edciles de presionar.<\/p>\n<p>En contrapartida, destac\u00f3 el crecimiento mostrado por Argentina a lo largo del torneo. &#8220;Argentina es un equipo s\u00faper competitivo, muy profesional y con un claro rey que es Messi. Cuando aparece \u00e9l, muchas veces todo se resuelve&#8221;, afirm\u00f3.<\/p>\n<p><b>LA CLAVE: EL DOMINIO DEL MEDIOCAMPO<\/b><\/p>\n<p>Seg\u00fan su visi\u00f3n, la clave estar\u00e1 en disputar el dominio del mediocampo. &#8220;El secreto del partido va a ser el juego interior. Argentina tiene que cortar la din\u00e1mica de pases de Espa\u00f1a, reducir espacios y llevar el partido a su terreno&#8221;, analiz\u00f3.<\/p>\n<p>Tambi\u00e9n elogi\u00f3 el nivel que vienen mostrando Leandro Paredes, Enzo Fern\u00e1ndez, Alexis Mac Allister, Rodrigo De Paul, Lautaro Mart\u00ednez y Juli\u00e1n \u00c1lvarez, aunque remarc\u00f3 que el gran factor desequilibrante contin\u00faa siendo Lionel Messi.<\/p>\n<p>&#8220;Argentina tiene un grupo de gladiadores y con el C\u00e9sar. El C\u00e9sar es Messi. Todos hacen el trabajo para que \u00e9l pueda marcar la diferencia&#8221;, resumi\u00f3.<\/p>\n<p><b>EL CORAZ\u00d3N DIVIDIDO, PERO CON UN DESEO CLARO<\/b><\/p>\n<p>Casado con una espa\u00f1ola, padre de tres hijos y abuelo de cuatro nietos, Egea reconoce que Espa\u00f1a se convirti\u00f3 en su hogar desde hace m\u00e1s de cuatro d\u00e9cadas. Sin embargo, admite que la final lo enfrentar\u00e1 a sentimientos muy profundos.<\/p>\n<p>&#8220;Es una situaci\u00f3n que nunca imagin\u00e9 vivir. Mi familia es espa\u00f1ola, pero yo nac\u00ed en Argentina y siempre voy a querer a mi pa\u00eds&#8221;, expres\u00f3.<\/p>\n<p>Finalmente, dej\u00f3 en claro cu\u00e1l ser\u00e1 su deseo cuando ruede la pelota. &#8220;Me gustar\u00eda que fuera Argentina el ganador. Ser bicampe\u00f3n del mundo ser\u00eda algo hist\u00f3rico. No hay nadie que viva el f\u00fatbol con la pasi\u00f3n que tienen los argentinos y ojal\u00e1 podamos volver a levantar la Copa&#8221;, concluy\u00f3 el ex futbolista y DT argentino radicado en Espa\u00f1a, hace casi medio siglo.-<\/p>\n","protected":false},"excerpt":{"rendered":"<p>El entrenador argentino, con familiares en Goya, radicado en Espa\u00f1a desde hace 46 a\u00f1os repas\u00f3 su extensa carrera en el f\u00fatbol internacional y analiz\u00f3 la final del Mundial, este domingo, entre la Selecci\u00f3n Argentina y Espa\u00f1a. Sergio Egea destac\u00f3 las fortalezas de ambos equipos y, aunque reconoce el cari\u00f1o que siente por su pa\u00eds de [&hellip;]<\/p>\n","protected":false},"author":2,"featured_media":9956,"comment_status":"open","ping_status":"open","sticky":false,"template":"","format":"standard","meta":{"footnotes":""},"categories":[83],"tags":[],"class_list":["post-9955","post","type-post","status-publish","format-standard","has-post-thumbnail","category-deporte"],"_links":{"self":[{"href":"https:\/\/radiokissnoticias.com.ar\/web\/wp-json\/wp\/v2\/posts\/9955","targetHints":{"allow":["GET"]}}],"collection":[{"href":"https:\/\/radiokissnoticias.com.ar\/web\/wp-json\/wp\/v2\/posts"}],"about":[{"href":"https:\/\/radiokissnoticias.com.ar\/web\/wp-json\/wp\/v2\/types\/post"}],"author":[{"embeddable":true,"href":"https:\/\/radiokissnoticias.com.ar\/web\/wp-json\/wp\/v2\/users\/2"}],"replies":[{"embeddable":true,"href":"https:\/\/radiokissnoticias.com.ar\/web\/wp-json\/wp\/v2\/comments?post=9955"}],"version-history":[{"count":1,"href":"https:\/\/radiokissnoticias.com.ar\/web\/wp-json\/wp\/v2\/posts\/9955\/revisions"}],"predecessor-version":[{"id":9957,"href":"https:\/\/radiokissnoticias.com.ar\/web\/wp-json\/wp\/v2\/posts\/9955\/revisions\/9957"}],"wp:featuredmedia":[{"embeddable":true,"href":"https:\/\/radiokissnoticias.com.ar\/web\/wp-json\/wp\/v2\/media\/9956"}],"wp:attachment":[{"href":"https:\/\/radiokissnoticias.com.ar\/web\/wp-json\/wp\/v2\/media?parent=9955"}],"wp:term":[{"taxonomy":"category","embeddable":true,"href":"https:\/\/radiokissnoticias.com.ar\/web\/wp-json\/wp\/v2\/categories?post=9955"},{"taxonomy":"post_tag","embeddable":true,"href":"https:\/\/radiokissnoticias.com.ar\/web\/wp-json\/wp\/v2\/tags?post=9955"}],"curies":[{"name":"wp","href":"https:\/\/api.w.org\/{rel}","templated":true}]}}