{"id":9923,"date":"2026-07-18T14:17:15","date_gmt":"2026-07-18T17:17:15","guid":{"rendered":"https:\/\/radiokissnoticias.com.ar\/web\/?p=9923"},"modified":"2026-07-18T14:17:15","modified_gmt":"2026-07-18T17:17:15","slug":"emprendedoras-que-tejen-compartiran-un-encuentro-solidario-el-domingo-26-07","status":"publish","type":"post","link":"https:\/\/radiokissnoticias.com.ar\/web\/2026\/07\/18\/emprendedoras-que-tejen-compartiran-un-encuentro-solidario-el-domingo-26-07\/","title":{"rendered":"Emprendedoras que tejen compartir\u00e1n un encuentro solidario el domingo 26\/07"},"content":{"rendered":"<p>Durante la emisi\u00f3n del programa &#8220;Familia en Sinton\u00eda&#8221; que se difunde por Radio Ciudad, las integrantes del equipo organizador, Delfina y Celeste, se acercaron para comentar todos los pormenores del encuentro de crochet que se llevar\u00e1 a cabo en Goya el pr\u00f3ximo 26 de julio. La actividad est\u00e1 programada de 14:30 a 18:00 horas en el sal\u00f3n de usos m\u00faltiples del paseo costero con acceso libre y gratuito para toda la comunidad sin distinci\u00f3n de edades.<\/p>\n<p>Durante la entrevista, las invitadas explicaron que la iniciativa comenz\u00f3 simplemente como una propuesta para compartir el placer por el tejido, pero con el paso del tiempo y la suma de m\u00e1s personas, fue ganando nuevos sentidos: hoy busca tambi\u00e9n ser un espacio de encuentro, de intercambio de saberes y de ayuda solidaria. Destacaron especialmente la importancia de cambiar la mirada sobre esta actividad: &#8220;Hay que dejar de pensar que solo las abuelas tejen; hoy hay muchas chicas de nuevas generaciones que eligen esta pr\u00e1ctica y desarrollan emprendimientos propios, lo que demuestra que es un trabajo que lleva tiempo, dedicaci\u00f3n y mucha creatividad&#8221;, se\u00f1alaron.<\/p>\n<p>El evento cuenta con el respaldo del intendente Mariano Hormaechea, quien puso el espacio a disposici\u00f3n de las organizadoras sin ning\u00fan tipo de inconveniente. La jornada contar\u00e1 con m\u00faltiples propuestas: espacios para ense\u00f1ar y aprender distintas t\u00e9cnicas, puestos de venta de emprendimientos que fueron seleccionados previamente, un momento especial para que quienes lo deseen cuenten sus historias sobre c\u00f3mo se iniciaron en el tejido, m\u00fasica en vivo y un cierre con un desfile de prendas confeccionadas. El objetivo es que esta primera edici\u00f3n sea el inicio de una actividad anual, y que se logre declarar de inter\u00e9s cultural por parte de las autoridades.<\/p>\n<p>Con un fuerte componente solidario, todo lo que se elabore durante la tarde y las donaciones que se reciban \u2014como mantas, cuellitos, bufandas y gorros\u2014 ser\u00e1n entregadas posteriormente a los adultos mayores que residen en el Asilo San Jos\u00e9. Las organizadoras invitaron a todos los interesados a acercarse con sus elementos de trabajo, su silla y su mate para compartir una tarde distinta, llena de tradici\u00f3n y compa\u00f1erismo.<\/p>\n<p>Direcci\u00f3n de Prensa \u2013 Municipalidad de Goya<\/p>\n","protected":false},"excerpt":{"rendered":"<p>Durante la emisi\u00f3n del programa &#8220;Familia en Sinton\u00eda&#8221; que se difunde por Radio Ciudad, las integrantes del equipo organizador, Delfina y Celeste, se acercaron para comentar todos los pormenores del encuentro de crochet que se llevar\u00e1 a cabo en Goya el pr\u00f3ximo 26 de julio. La actividad est\u00e1 programada de 14:30 a 18:00 horas en [&hellip;]<\/p>\n","protected":false},"author":2,"featured_media":9924,"comment_status":"open","ping_status":"open","sticky":false,"template":"","format":"standard","meta":{"footnotes":""},"categories":[77],"tags":[],"class_list":["post-9923","post","type-post","status-publish","format-standard","has-post-thumbnail","category-local"],"_links":{"self":[{"href":"https:\/\/radiokissnoticias.com.ar\/web\/wp-json\/wp\/v2\/posts\/9923","targetHints":{"allow":["GET"]}}],"collection":[{"href":"https:\/\/radiokissnoticias.com.ar\/web\/wp-json\/wp\/v2\/posts"}],"about":[{"href":"https:\/\/radiokissnoticias.com.ar\/web\/wp-json\/wp\/v2\/types\/post"}],"author":[{"embeddable":true,"href":"https:\/\/radiokissnoticias.com.ar\/web\/wp-json\/wp\/v2\/users\/2"}],"replies":[{"embeddable":true,"href":"https:\/\/radiokissnoticias.com.ar\/web\/wp-json\/wp\/v2\/comments?post=9923"}],"version-history":[{"count":2,"href":"https:\/\/radiokissnoticias.com.ar\/web\/wp-json\/wp\/v2\/posts\/9923\/revisions"}],"predecessor-version":[{"id":9926,"href":"https:\/\/radiokissnoticias.com.ar\/web\/wp-json\/wp\/v2\/posts\/9923\/revisions\/9926"}],"wp:featuredmedia":[{"embeddable":true,"href":"https:\/\/radiokissnoticias.com.ar\/web\/wp-json\/wp\/v2\/media\/9924"}],"wp:attachment":[{"href":"https:\/\/radiokissnoticias.com.ar\/web\/wp-json\/wp\/v2\/media?parent=9923"}],"wp:term":[{"taxonomy":"category","embeddable":true,"href":"https:\/\/radiokissnoticias.com.ar\/web\/wp-json\/wp\/v2\/categories?post=9923"},{"taxonomy":"post_tag","embeddable":true,"href":"https:\/\/radiokissnoticias.com.ar\/web\/wp-json\/wp\/v2\/tags?post=9923"}],"curies":[{"name":"wp","href":"https:\/\/api.w.org\/{rel}","templated":true}]}}