{"id":9920,"date":"2026-07-18T14:15:07","date_gmt":"2026-07-18T17:15:07","guid":{"rendered":"https:\/\/radiokissnoticias.com.ar\/web\/?p=9920"},"modified":"2026-07-18T14:15:07","modified_gmt":"2026-07-18T17:15:07","slug":"comisaria-quinta-de-goya-recuperaron-una-motocicleta-sustraida","status":"publish","type":"post","link":"https:\/\/radiokissnoticias.com.ar\/web\/2026\/07\/18\/comisaria-quinta-de-goya-recuperaron-una-motocicleta-sustraida\/","title":{"rendered":"COMISAR\u00cdA QUINTA DE GOYA: recuperaron una motocicleta sustra\u00edda"},"content":{"rendered":"<p>Personal de la divisi\u00f3n de investigaci\u00f3n criminal, dependiente de la Comisar\u00eda Seccional Quinta de Goya, bajo la conducci\u00f3n del comisario Inspector Miguel Canteros Miguel y a cargo del oficial ayudante Brian Varela, llev\u00f3 adelante intensas tareas investigativas que permitieron esclarecer la sustracci\u00f3n de una motocicleta denunciada el viernes.<\/p>\n<p>El hecho tuvo lugar en un domicilio ubicado en calle Anchorena y Cortada de esta ciudad, donde personas desconocidas sustrajeron una motocicleta marca Corven, de 110 cc, color rojo.<\/p>\n<p>A partir de las averiguaciones practicadas por el personal policial, se logr\u00f3 establecer la ubicaci\u00f3n del rodado, procediendo a su secuestro preventivo, quedando a disposici\u00f3n de la autoridad judicial competente para posteriormente ser restituido a su leg\u00edtimo propietario.<\/p>\n<p>En el marco de la investigaci\u00f3n, los presuntos involucrados fueron puestos a disposici\u00f3n de la Justicia, continuando con las diligencias de rigor a fin de determinar las responsabilidades que correspondan.<\/p>\n","protected":false},"excerpt":{"rendered":"<p>Personal de la divisi\u00f3n de investigaci\u00f3n criminal, dependiente de la Comisar\u00eda Seccional Quinta de Goya, bajo la conducci\u00f3n del comisario Inspector Miguel Canteros Miguel y a cargo del oficial ayudante Brian Varela, llev\u00f3 adelante intensas tareas investigativas que permitieron esclarecer la sustracci\u00f3n de una motocicleta denunciada el viernes. El hecho tuvo lugar en un domicilio [&hellip;]<\/p>\n","protected":false},"author":2,"featured_media":9921,"comment_status":"open","ping_status":"open","sticky":false,"template":"","format":"standard","meta":{"footnotes":""},"categories":[82],"tags":[],"class_list":["post-9920","post","type-post","status-publish","format-standard","has-post-thumbnail","category-policiales"],"_links":{"self":[{"href":"https:\/\/radiokissnoticias.com.ar\/web\/wp-json\/wp\/v2\/posts\/9920","targetHints":{"allow":["GET"]}}],"collection":[{"href":"https:\/\/radiokissnoticias.com.ar\/web\/wp-json\/wp\/v2\/posts"}],"about":[{"href":"https:\/\/radiokissnoticias.com.ar\/web\/wp-json\/wp\/v2\/types\/post"}],"author":[{"embeddable":true,"href":"https:\/\/radiokissnoticias.com.ar\/web\/wp-json\/wp\/v2\/users\/2"}],"replies":[{"embeddable":true,"href":"https:\/\/radiokissnoticias.com.ar\/web\/wp-json\/wp\/v2\/comments?post=9920"}],"version-history":[{"count":1,"href":"https:\/\/radiokissnoticias.com.ar\/web\/wp-json\/wp\/v2\/posts\/9920\/revisions"}],"predecessor-version":[{"id":9922,"href":"https:\/\/radiokissnoticias.com.ar\/web\/wp-json\/wp\/v2\/posts\/9920\/revisions\/9922"}],"wp:featuredmedia":[{"embeddable":true,"href":"https:\/\/radiokissnoticias.com.ar\/web\/wp-json\/wp\/v2\/media\/9921"}],"wp:attachment":[{"href":"https:\/\/radiokissnoticias.com.ar\/web\/wp-json\/wp\/v2\/media?parent=9920"}],"wp:term":[{"taxonomy":"category","embeddable":true,"href":"https:\/\/radiokissnoticias.com.ar\/web\/wp-json\/wp\/v2\/categories?post=9920"},{"taxonomy":"post_tag","embeddable":true,"href":"https:\/\/radiokissnoticias.com.ar\/web\/wp-json\/wp\/v2\/tags?post=9920"}],"curies":[{"name":"wp","href":"https:\/\/api.w.org\/{rel}","templated":true}]}}