{"id":9908,"date":"2026-07-18T13:55:11","date_gmt":"2026-07-18T16:55:11","guid":{"rendered":"https:\/\/radiokissnoticias.com.ar\/web\/?p=9908"},"modified":"2026-07-18T13:55:11","modified_gmt":"2026-07-18T16:55:11","slug":"monsenor-faifer-el-padre-tomas-proclamo-la-fe-y-la-hizo-vida","status":"publish","type":"post","link":"https:\/\/radiokissnoticias.com.ar\/web\/2026\/07\/18\/monsenor-faifer-el-padre-tomas-proclamo-la-fe-y-la-hizo-vida\/","title":{"rendered":"Monse\u00f1or Faifer: &#8220;El padre Tom\u00e1s proclam\u00f3 la fe y la hizo vida&#8221;"},"content":{"rendered":"<p>En la noche del viernes celebraron una misa de cuerpo presente por el eterno descanso del presb\u00edtero Tom\u00e1s Francisco von Schulz, p\u00e1rroco em\u00e9rito de la di\u00f3cesis, fallecido a los 93 a\u00f1os. La celebraci\u00f3n tuvo lugar en la iglesia catedral Nuestra Se\u00f1ora del Rosario, donde son velados sus restos mortales. La Eucarist\u00eda fue presidida por el obispo em\u00e9rito de Goya, monse\u00f1or Ricardo Oscar Faifer, concelebrada por el obispo diocesano, monse\u00f1or Adolfo Ram\u00f3n Canec\u00edn, y asistida por los di\u00e1conos Esteban Ojeda y Camilo L\u00f3pez.<\/p>\n<p>Los feligreses participaron de la celebraci\u00f3n para dar gracias a Dios por la vida y el fecundo ministerio del sacerdote.<\/p>\n<p>En su homil\u00eda, monse\u00f1or Faifer ilumin\u00f3 la despedida con las lecturas proclamadas, especialmente el Evangelio de san Juan (14,1-5), en el que Jes\u00fas invita a sus disc\u00edpulos a confiar: &#8220;Crean en Dios y crean tambi\u00e9n en m\u00ed. En la casa de mi Padre hay muchas habitaciones&#8221;, y el pasaje del Apocalipsis (21,1-5), donde san Juan contempla &#8220;un cielo nuevo y una tierra nueva&#8221; y, escucha la voz que proclama: &#8220;Esta es la morada de Dios entre los hombres&#8221;.<\/p>\n<p>Monse\u00f1or Faifer, se\u00f1al\u00f3 que la Iglesia se re\u00fane para despedir &#8220;a un hermano iluminado por la fe, alentados por la esperanza y sostenidos por el amor&#8221;, recordando que quienes han llegado a la meta encuentran en Dios la plenitud de ese amor.<\/p>\n<p>&#8220;El padre Tom\u00e1s proclam\u00f3 la fe y la hizo vida&#8221;, afirm\u00f3.<\/p>\n<p>Monse\u00f1or Faifer destac\u00f3 que cada persona es un don de Dios llamado a convertirse en don para los dem\u00e1s, y record\u00f3 que el padre Tom\u00e1s respondi\u00f3 generosamente a esa vocaci\u00f3n.<\/p>\n<p>Evoc\u00f3 su conversi\u00f3n del luteranismo a la fe cat\u00f3lica siendo joven y su fidelidad al llamado sacerdotal, vivido con entrega durante toda su existencia.<\/p>\n<p>El obispo emerito hizo memoria de la estrecha vinculaci\u00f3n del sacerdote con la historia de la di\u00f3cesis de Goya, pr\u00e1cticamente desde sus comienzos.<\/p>\n<p>Record\u00f3 que lleg\u00f3 enviado desde la di\u00f3cesis de San Isidro para servir al Pueblo de Dios y que desarroll\u00f3 una intensa tarea pastoral, especialmente en el \u00e1mbito de la catequesis, elaborando materiales formativos que contin\u00faan utiliz\u00e1ndose en las comunidades de los distintos departamentos de la jurisdicci\u00f3n eclesi\u00e1stica.<\/p>\n<p>&#8220;Agradecemos a Dios todo lo que signific\u00f3 el padre Tom\u00e1s y cuanto realiz\u00f3 en favor de la Iglesia&#8221;, expres\u00f3 el prelado.<\/p>\n<p>Monse\u00f1or Ricardo Faifer comparti\u00f3 un momento de profunda emoci\u00f3n vivido durante la ma\u00f1ana, al encontrarse con varios hombres que, siendo ni\u00f1os, fueron acogidos en la Casa del Ni\u00f1o: &#8220;Los vi con l\u00e1grimas en los ojos despidiendo a quien fue para ellos un verdadero padre&#8221;.<\/p>\n<p>&#8220;Pensemos en la alegr\u00eda que el padre Tom\u00e1s est\u00e1 viviendo en este momento. \u00c9l ya lleg\u00f3 a la meta de la peregrinaci\u00f3n&#8221;, afirm\u00f3.<\/p>\n<p>Retomando las palabras de Jes\u00fas en el Evangelio, expres\u00f3 que el Se\u00f1or sale al encuentro de quienes le fueron fieles en el ministerio: &#8220;Vos, Tom\u00e1s, que hiciste presente mi amor celebrando la Eucarist\u00eda, regalando mi perd\u00f3n, mi misericordia y mi ternura, ahora vengo a buscarte porque quiero que est\u00e9s donde yo estoy&#8221;.<\/p>\n<p>Concluy\u00f3 se\u00f1alando que el verdadero camino es Jesucristo, un camino vivo que exige identificarse con su coraz\u00f3n lleno de compasi\u00f3n, alegr\u00eda, luz y misericordia. &#8211;<\/p>\n<p>PRENSA OBISPADO DE GOYA<\/p>\n","protected":false},"excerpt":{"rendered":"<p>En la noche del viernes celebraron una misa de cuerpo presente por el eterno descanso del presb\u00edtero Tom\u00e1s Francisco von Schulz, p\u00e1rroco em\u00e9rito de la di\u00f3cesis, fallecido a los 93 a\u00f1os. La celebraci\u00f3n tuvo lugar en la iglesia catedral Nuestra Se\u00f1ora del Rosario, donde son velados sus restos mortales. La Eucarist\u00eda fue presidida por el [&hellip;]<\/p>\n","protected":false},"author":2,"featured_media":9909,"comment_status":"open","ping_status":"open","sticky":false,"template":"","format":"standard","meta":{"footnotes":""},"categories":[77],"tags":[],"class_list":["post-9908","post","type-post","status-publish","format-standard","has-post-thumbnail","category-local"],"_links":{"self":[{"href":"https:\/\/radiokissnoticias.com.ar\/web\/wp-json\/wp\/v2\/posts\/9908","targetHints":{"allow":["GET"]}}],"collection":[{"href":"https:\/\/radiokissnoticias.com.ar\/web\/wp-json\/wp\/v2\/posts"}],"about":[{"href":"https:\/\/radiokissnoticias.com.ar\/web\/wp-json\/wp\/v2\/types\/post"}],"author":[{"embeddable":true,"href":"https:\/\/radiokissnoticias.com.ar\/web\/wp-json\/wp\/v2\/users\/2"}],"replies":[{"embeddable":true,"href":"https:\/\/radiokissnoticias.com.ar\/web\/wp-json\/wp\/v2\/comments?post=9908"}],"version-history":[{"count":1,"href":"https:\/\/radiokissnoticias.com.ar\/web\/wp-json\/wp\/v2\/posts\/9908\/revisions"}],"predecessor-version":[{"id":9910,"href":"https:\/\/radiokissnoticias.com.ar\/web\/wp-json\/wp\/v2\/posts\/9908\/revisions\/9910"}],"wp:featuredmedia":[{"embeddable":true,"href":"https:\/\/radiokissnoticias.com.ar\/web\/wp-json\/wp\/v2\/media\/9909"}],"wp:attachment":[{"href":"https:\/\/radiokissnoticias.com.ar\/web\/wp-json\/wp\/v2\/media?parent=9908"}],"wp:term":[{"taxonomy":"category","embeddable":true,"href":"https:\/\/radiokissnoticias.com.ar\/web\/wp-json\/wp\/v2\/categories?post=9908"},{"taxonomy":"post_tag","embeddable":true,"href":"https:\/\/radiokissnoticias.com.ar\/web\/wp-json\/wp\/v2\/tags?post=9908"}],"curies":[{"name":"wp","href":"https:\/\/api.w.org\/{rel}","templated":true}]}}