{"id":13914,"date":"2026-09-01T14:35:47","date_gmt":"2026-09-01T17:35:47","guid":{"rendered":"https:\/\/radiokissnoticias.com.ar\/web\/?p=13914"},"modified":"2026-09-01T14:37:48","modified_gmt":"2026-09-01T17:37:48","slug":"ciclo-de-capacitacion-legislativa-2026-ramirez-braschi-diserto-sobre-la-evolucion-historica-del-constitucionalismo-correntino","status":"publish","type":"post","link":"https:\/\/radiokissnoticias.com.ar\/web\/2026\/09\/01\/ciclo-de-capacitacion-legislativa-2026-ramirez-braschi-diserto-sobre-la-evolucion-historica-del-constitucionalismo-correntino\/","title":{"rendered":"Ciclo de Capacitaci\u00f3n Legislativa 2026: Ram\u00edrez Braschi disert\u00f3 sobre la evoluci\u00f3n hist\u00f3rica del constitucionalismo correntino"},"content":{"rendered":"<p>La C\u00e1mara de Diputados de la provincia de Corrientes desarroll\u00f3 un nuevo m\u00f3dulo del Ciclo de Capacitaci\u00f3n Legislativa 2026 con la disertaci\u00f3n del Dr Dardo Ram\u00edrez Braschi, sobre la &#8220;Evoluci\u00f3n Hist\u00f3rica del Constitucionalismo Correntino&#8221;, la cual est\u00e1 disponible a trav\u00e9s del canal de Youtube institucional.<\/p>\n<p>Previo a la charla, el vicepresidente de la C\u00e1mara de Diputados Eduardo Hardoy, en compa\u00f1\u00eda del secretario parlamentario Fabrizio Sartori, dio la bienvenida al profesor de Historia Constitucional de la UNNE, miembro de la Academia Nacional de la Historia y miembro de la Academia de Ciencias Morales y Pol\u00edticas de la Rep\u00fablica Argentina, entre otros t\u00edtulos en un extenso curr\u00edculum que avala su destacada trayectoria.<\/p>\n<p>El Dr Ram\u00edrez Braschi destac\u00f3 el rol de la provincia de Corrientes en el marco de organizaci\u00f3n nacional y la evoluci\u00f3n hist\u00f3rica del constitucionalismo que &#8220;da una visi\u00f3n, interpretaci\u00f3n y explicaci\u00f3n de cu\u00e1l es nuestra identidad, cu\u00e1l es nuestro perfil, nuestra idea republicana y la naciente perspectiva del federalismo en aquel momento por el cual Corrientes ha sido protagonista&#8221;.<\/p>\n<p>Durante la charla aclar\u00f3 que &#8220;desde 1821, su primer reglamento constitucional en adelante, hay una permanente evoluci\u00f3n, un cambio que se va adaptando a las realidades sociales, culturales, a la incorporaci\u00f3n de nuevos derechos y a las nuevas modalidades institucionales y espec\u00edficamente a partir del 1853, cuando Corrientes se adapta, se ensambla a lo que iba a ser el constitucionalismo nacional con los derechos, con las garant\u00edas y la autonom\u00eda que Corrientes tanto defend\u00eda&#8221;.<\/p>\n<p>&#8220;En la primera Constituci\u00f3n, Corrientes manifestaba que la persona del hombre es la cosa m\u00e1s preciosa del mundo&#8230; ese hombre que va a ser el que va a recepcionar todos los derechos de la humanidad; raz\u00f3n por la cual hab\u00eda que protegerlo y de ah\u00ed comienza esa protecci\u00f3n de derechos humanos que Corrientes le va a dar a la persona y va a evolucionar a lo largo de todo el ciclo de construcci\u00f3n provincial&#8221;, sentenci\u00f3 el Dr. Braschi.<\/p>\n","protected":false},"excerpt":{"rendered":"<p>La C\u00e1mara de Diputados de la provincia de Corrientes desarroll\u00f3 un nuevo m\u00f3dulo del Ciclo de Capacitaci\u00f3n Legislativa 2026 con la disertaci\u00f3n del Dr Dardo Ram\u00edrez Braschi, sobre la &#8220;Evoluci\u00f3n Hist\u00f3rica del Constitucionalismo Correntino&#8221;, la cual est\u00e1 disponible a trav\u00e9s del canal de Youtube institucional. Previo a la charla, el vicepresidente de la C\u00e1mara de [&hellip;]<\/p>\n","protected":false},"author":2,"featured_media":13917,"comment_status":"open","ping_status":"open","sticky":false,"template":"","format":"standard","meta":{"footnotes":""},"categories":[79],"tags":[],"class_list":["post-13914","post","type-post","status-publish","format-standard","has-post-thumbnail","category-provincia"],"_links":{"self":[{"href":"https:\/\/radiokissnoticias.com.ar\/web\/wp-json\/wp\/v2\/posts\/13914","targetHints":{"allow":["GET"]}}],"collection":[{"href":"https:\/\/radiokissnoticias.com.ar\/web\/wp-json\/wp\/v2\/posts"}],"about":[{"href":"https:\/\/radiokissnoticias.com.ar\/web\/wp-json\/wp\/v2\/types\/post"}],"author":[{"embeddable":true,"href":"https:\/\/radiokissnoticias.com.ar\/web\/wp-json\/wp\/v2\/users\/2"}],"replies":[{"embeddable":true,"href":"https:\/\/radiokissnoticias.com.ar\/web\/wp-json\/wp\/v2\/comments?post=13914"}],"version-history":[{"count":1,"href":"https:\/\/radiokissnoticias.com.ar\/web\/wp-json\/wp\/v2\/posts\/13914\/revisions"}],"predecessor-version":[{"id":13915,"href":"https:\/\/radiokissnoticias.com.ar\/web\/wp-json\/wp\/v2\/posts\/13914\/revisions\/13915"}],"wp:featuredmedia":[{"embeddable":true,"href":"https:\/\/radiokissnoticias.com.ar\/web\/wp-json\/wp\/v2\/media\/13917"}],"wp:attachment":[{"href":"https:\/\/radiokissnoticias.com.ar\/web\/wp-json\/wp\/v2\/media?parent=13914"}],"wp:term":[{"taxonomy":"category","embeddable":true,"href":"https:\/\/radiokissnoticias.com.ar\/web\/wp-json\/wp\/v2\/categories?post=13914"},{"taxonomy":"post_tag","embeddable":true,"href":"https:\/\/radiokissnoticias.com.ar\/web\/wp-json\/wp\/v2\/tags?post=13914"}],"curies":[{"name":"wp","href":"https:\/\/api.w.org\/{rel}","templated":true}]}}