{"id":13890,"date":"2026-09-01T13:56:11","date_gmt":"2026-09-01T16:56:11","guid":{"rendered":"https:\/\/radiokissnoticias.com.ar\/web\/?p=13890"},"modified":"2026-09-01T13:56:11","modified_gmt":"2026-09-01T16:56:11","slug":"la-diocesis-de-goya-presente-en-el-encuentro-nacional-de-agentes-de-pastoral-en-clave-vocacional","status":"publish","type":"post","link":"https:\/\/radiokissnoticias.com.ar\/web\/2026\/09\/01\/la-diocesis-de-goya-presente-en-el-encuentro-nacional-de-agentes-de-pastoral-en-clave-vocacional\/","title":{"rendered":"La di\u00f3cesis de Goya presente en el Encuentro Nacional de Agentes de Pastoral en clave vocacional"},"content":{"rendered":"<p><img decoding=\"async\" src=\"https:\/\/www.powernoticias.com\/images\/202609011207164710\" \/>Bajo el lema &#8220;Dios sigue llamando, el desaf\u00edo es acompa\u00f1ar&#8221;, representantes de la Di\u00f3cesis de Goya participaron del ENAP, realizado los d\u00edas 28, 29 y 30 de agosto. La propuesta ofreci\u00f3 un espacio de encuentro, formaci\u00f3n, oraci\u00f3n y fraternidad para renovar la misi\u00f3n de acompa\u00f1ar los procesos vocacionales. El grupo estuvo acompa\u00f1ado por el padre Josu\u00e9 Ca\u00f1ete.<\/p>\n<p>Los d\u00edas 28, 29 y 30 de agosto, integrantes de la Pastoral Vocacional de la Di\u00f3cesis de Goya participaron del Encuentro Nacional de Agentes de Pastoral en clave Vocacional (ENAP), una experiencia de encuentro y formaci\u00f3n que tuvo como lema: &#8220;Dios sigue llamando, el desaf\u00edo es acompa\u00f1ar&#8221;.<\/p>\n<p>Durante las jornadas, los participantes compartieron momentos de formaci\u00f3n, oraci\u00f3n y fraternidad, profundizando en la misi\u00f3n de acompa\u00f1ar a cada persona en su camino vocacional.<\/p>\n<p>La propuesta puso especialmente el acento en la necesidad de aprender a escuchar, acoger y caminar junto al otro, reconociendo que toda vocaci\u00f3n requiere de una comunidad que sepa acompa\u00f1ar y discernir.<\/p>\n<p>La experiencia tom\u00f3 como referencia el pasaje de los Hechos de los Ap\u00f3stoles en el que Felipe se acerca al et\u00edope y camina junto a \u00e9l: &#8220;Ac\u00e9rcate y camina junto a su carro&#8221; (Hch 8,29).<\/p>\n<p>Este texto ilumin\u00f3 el sentido del acompa\u00f1amiento vocacional como una presencia cercana, disponible y respetuosa de los procesos personales.<\/p>\n<p>En representaci\u00f3n de la Di\u00f3cesis de Goya participaron agentes provenientes de distintas comunidades.<\/p>\n<p>Por el departamento de Esquina estuvieron el matrimonio Vera-Merlo y el matrimonio Levecchi-Cavalier; por Mercedes, Florencia Ch\u00e1vez; y por Goya, Ver\u00f3nica Ortiz.<\/p>\n<p>El grupo estuvo acompa\u00f1ado por el padre Josu\u00e9 Ca\u00f1ete.<\/p>\n<p>Desde la Pastoral Vocacional de Goya destacaron la alegr\u00eda de haber compartido esta experiencia junto a otros agentes de pastoral del pa\u00eds, fortaleciendo la conciencia de pertenecer a una Iglesia que contin\u00faa escuchando la voz de Dios y acompa\u00f1ando las llamadas que \u00c9l suscita en cada persona.<\/p>\n<p>&#8220;Dios sigue llamando. Nosotros queremos estar ah\u00ed para acompa\u00f1ar&#8221;, expresaron al concluir el encuentro. &#8211; +<\/p>\n","protected":false},"excerpt":{"rendered":"<p>Bajo el lema &#8220;Dios sigue llamando, el desaf\u00edo es acompa\u00f1ar&#8221;, representantes de la Di\u00f3cesis de Goya participaron del ENAP, realizado los d\u00edas 28, 29 y 30 de agosto. La propuesta ofreci\u00f3 un espacio de encuentro, formaci\u00f3n, oraci\u00f3n y fraternidad para renovar la misi\u00f3n de acompa\u00f1ar los procesos vocacionales. El grupo estuvo acompa\u00f1ado por el padre [&hellip;]<\/p>\n","protected":false},"author":2,"featured_media":13891,"comment_status":"open","ping_status":"open","sticky":false,"template":"","format":"standard","meta":{"footnotes":""},"categories":[77],"tags":[],"class_list":["post-13890","post","type-post","status-publish","format-standard","has-post-thumbnail","category-local"],"_links":{"self":[{"href":"https:\/\/radiokissnoticias.com.ar\/web\/wp-json\/wp\/v2\/posts\/13890","targetHints":{"allow":["GET"]}}],"collection":[{"href":"https:\/\/radiokissnoticias.com.ar\/web\/wp-json\/wp\/v2\/posts"}],"about":[{"href":"https:\/\/radiokissnoticias.com.ar\/web\/wp-json\/wp\/v2\/types\/post"}],"author":[{"embeddable":true,"href":"https:\/\/radiokissnoticias.com.ar\/web\/wp-json\/wp\/v2\/users\/2"}],"replies":[{"embeddable":true,"href":"https:\/\/radiokissnoticias.com.ar\/web\/wp-json\/wp\/v2\/comments?post=13890"}],"version-history":[{"count":1,"href":"https:\/\/radiokissnoticias.com.ar\/web\/wp-json\/wp\/v2\/posts\/13890\/revisions"}],"predecessor-version":[{"id":13892,"href":"https:\/\/radiokissnoticias.com.ar\/web\/wp-json\/wp\/v2\/posts\/13890\/revisions\/13892"}],"wp:featuredmedia":[{"embeddable":true,"href":"https:\/\/radiokissnoticias.com.ar\/web\/wp-json\/wp\/v2\/media\/13891"}],"wp:attachment":[{"href":"https:\/\/radiokissnoticias.com.ar\/web\/wp-json\/wp\/v2\/media?parent=13890"}],"wp:term":[{"taxonomy":"category","embeddable":true,"href":"https:\/\/radiokissnoticias.com.ar\/web\/wp-json\/wp\/v2\/categories?post=13890"},{"taxonomy":"post_tag","embeddable":true,"href":"https:\/\/radiokissnoticias.com.ar\/web\/wp-json\/wp\/v2\/tags?post=13890"}],"curies":[{"name":"wp","href":"https:\/\/api.w.org\/{rel}","templated":true}]}}