{"id":13887,"date":"2026-09-01T13:53:44","date_gmt":"2026-09-01T16:53:44","guid":{"rendered":"https:\/\/radiokissnoticias.com.ar\/web\/?p=13887"},"modified":"2026-09-01T13:53:44","modified_gmt":"2026-09-01T16:53:44","slug":"estudiantina-2026-direccion-de-transito-activara-operativo-de-forma-preventiva","status":"publish","type":"post","link":"https:\/\/radiokissnoticias.com.ar\/web\/2026\/09\/01\/estudiantina-2026-direccion-de-transito-activara-operativo-de-forma-preventiva\/","title":{"rendered":"Estudiantina 2026: Direcci\u00f3n de Tr\u00e1nsito activar\u00e1 operativo de forma preventiva"},"content":{"rendered":"<p><img decoding=\"async\" src=\"https:\/\/www.powernoticias.com\/images\/202609011202276312\" \/><\/p>\n<p>Para la Estudiantina 2026, la Municipalidad de Goya, a trav\u00e9s de la Direcci\u00f3n de Tr\u00e1nsito, prepara un operativo de seguridad vial y ordenamiento vehicular coordinado para proteger a los estudiantes y regular la circulaci\u00f3n. El apoyo del Estado municipal es considerado fundamental para allanar el camino hacia la concreci\u00f3n del evento, previsto para los d\u00edas viernes 18, s\u00e1bado 19 y domingo 20 de septiembre. &#8220;Tr\u00e1nsito ya tiene armado el dispositivo preventivo&#8221; asegur\u00f3 el titular de esa dependencia, Alejandro Stortti.<\/p>\n<p>&#8220;Estamos abocados a lo que es el ingreso y egreso de veh\u00edculos all\u00ed en Campo Amigo, por avenida Alem. Ya estamos viendo c\u00f3mo instrumentar en una calle que ser\u00eda paralela al predio que la estamos queriendo habilitar para el ingreso y egreso de personas&#8221; explic\u00f3 el director de esta dependencia, Alejandro Stortti.<\/p>\n<p>Se pondr\u00e1 especial \u00e9nfasis en el control del tr\u00e1fico de motoveh\u00edculos por la gran cantidad de p\u00fablico adolescente que se va a transportar en este medio de movilidad hacia dicho predio.<\/p>\n<p><b><br \/>\nCORTES DE CALLES<\/b><\/p>\n<p>Cabe se\u00f1alar que se establecer\u00e1n cortes parciales de calles durante el recorrido de la Antorcha. Durante el tradicional encendido y traslado de la antorcha estudiantil, se realizan cortes din\u00e1micos de calles a medida que avanza la columna de alumnos para evitar el contacto directo con veh\u00edculos en zona del microcentro y avenidas principales.<\/p>\n<p>Desde el municipio se dispondr\u00e1 la intervenci\u00f3n de diversas \u00e1reas como Educaci\u00f3n, Deportes, Juventud, Cultura, Obras y Servicios P\u00fablicos y Tr\u00e1nsito. A esto se suma el trabajo de Prensa y Comunicaci\u00f3n Digital para la difusi\u00f3n y promoci\u00f3n, as\u00ed como la tarea sanitaria a cargo de Desarrollo y Promoci\u00f3n Social junto al servicio de APS.<\/p>\n<p>Direcci\u00f3n de Prensa \u2013 Municipalidad de Goya.<\/p>\n","protected":false},"excerpt":{"rendered":"<p>Para la Estudiantina 2026, la Municipalidad de Goya, a trav\u00e9s de la Direcci\u00f3n de Tr\u00e1nsito, prepara un operativo de seguridad vial y ordenamiento vehicular coordinado para proteger a los estudiantes y regular la circulaci\u00f3n. El apoyo del Estado municipal es considerado fundamental para allanar el camino hacia la concreci\u00f3n del evento, previsto para los d\u00edas [&hellip;]<\/p>\n","protected":false},"author":2,"featured_media":13888,"comment_status":"open","ping_status":"open","sticky":false,"template":"","format":"standard","meta":{"footnotes":""},"categories":[77],"tags":[],"class_list":["post-13887","post","type-post","status-publish","format-standard","has-post-thumbnail","category-local"],"_links":{"self":[{"href":"https:\/\/radiokissnoticias.com.ar\/web\/wp-json\/wp\/v2\/posts\/13887","targetHints":{"allow":["GET"]}}],"collection":[{"href":"https:\/\/radiokissnoticias.com.ar\/web\/wp-json\/wp\/v2\/posts"}],"about":[{"href":"https:\/\/radiokissnoticias.com.ar\/web\/wp-json\/wp\/v2\/types\/post"}],"author":[{"embeddable":true,"href":"https:\/\/radiokissnoticias.com.ar\/web\/wp-json\/wp\/v2\/users\/2"}],"replies":[{"embeddable":true,"href":"https:\/\/radiokissnoticias.com.ar\/web\/wp-json\/wp\/v2\/comments?post=13887"}],"version-history":[{"count":1,"href":"https:\/\/radiokissnoticias.com.ar\/web\/wp-json\/wp\/v2\/posts\/13887\/revisions"}],"predecessor-version":[{"id":13889,"href":"https:\/\/radiokissnoticias.com.ar\/web\/wp-json\/wp\/v2\/posts\/13887\/revisions\/13889"}],"wp:featuredmedia":[{"embeddable":true,"href":"https:\/\/radiokissnoticias.com.ar\/web\/wp-json\/wp\/v2\/media\/13888"}],"wp:attachment":[{"href":"https:\/\/radiokissnoticias.com.ar\/web\/wp-json\/wp\/v2\/media?parent=13887"}],"wp:term":[{"taxonomy":"category","embeddable":true,"href":"https:\/\/radiokissnoticias.com.ar\/web\/wp-json\/wp\/v2\/categories?post=13887"},{"taxonomy":"post_tag","embeddable":true,"href":"https:\/\/radiokissnoticias.com.ar\/web\/wp-json\/wp\/v2\/tags?post=13887"}],"curies":[{"name":"wp","href":"https:\/\/api.w.org\/{rel}","templated":true}]}}