{"id":13883,"date":"2026-09-01T13:51:47","date_gmt":"2026-09-01T16:51:47","guid":{"rendered":"https:\/\/radiokissnoticias.com.ar\/web\/?p=13883"},"modified":"2026-09-01T13:51:47","modified_gmt":"2026-09-01T16:51:47","slug":"a-4-anos-del-intento-de-magnicidio-a-cristina-kirchner-advierten-la-democracia-no-admite-la-eliminacion-del-adversario","status":"publish","type":"post","link":"https:\/\/radiokissnoticias.com.ar\/web\/2026\/09\/01\/a-4-anos-del-intento-de-magnicidio-a-cristina-kirchner-advierten-la-democracia-no-admite-la-eliminacion-del-adversario\/","title":{"rendered":"A 4 a\u00f1os del intento de magnicidio a Cristina Kirchner, advierten: \u201cLa democracia no admite la eliminaci\u00f3n del adversario\u201d"},"content":{"rendered":"<p>En el aniversario del atentado contra la vida de la entonces Vicepresidente de la Naci\u00f3n, el PJ realizar\u00e1 un encuentro este martes a las 18 en la puerta de San Jos\u00e9 1111.<\/p>\n<p>A cuatro a\u00f1os del intento de asesinato de Cristina Kirchner, ocurrido el 1 de septiembre de 2022, dirigentes de diversas fuerzas pol\u00edticas firmaron un documento conjunto en el que llaman a defender la democracia y advierten sobre las consecuencias de considerar al adversario pol\u00edtico como un enemigo al que se debe eliminar.<\/p>\n<p>En ese marco, el PJ realizar\u00e1 un encuentro este martes a las 18 en la puerta de San Jos\u00e9 1111, donde la ex mandataria cumple prisi\u00f3n domiciliaria, que tendr\u00e1 como orador a M\u00e1ximo Kirchner.<\/p>\n<p>&#8216;La democracia no admite la eliminaci\u00f3n del adversario&#8217;, se titula el art\u00edculo que busca &#8220;reflexionar sobre las condiciones pol\u00edticas, culturales y comunicacionales que hicieron posible que un arma cargada fuera gatillada a cent\u00edmetros&#8221; de la ex mandataria.<\/p>\n<p>El documento pone el foco en la instalaci\u00f3n de discursos de odio, campa\u00f1as de estigmatizaci\u00f3n, fake news, operaciones de desinformaci\u00f3n y diferentes expresiones de violencia pol\u00edtica contra dirigentes y otros actores de la vida p\u00fablica.<\/p>\n<p>En ese sentido, el texto destaca que la \u201cantipol\u00edtica\u201d no es solamente el rechazo espont\u00e1neo de una parte de la sociedad hacia sus representantes, sino que tambi\u00e9n fue construida como un sentido com\u00fan por sectores del poder econ\u00f3mico concentrado y amplificada a trav\u00e9s de medios de comunicaci\u00f3n, redes sociales, plataformas digitales y nuevos dispositivos de producci\u00f3n y circulaci\u00f3n de contenidos.<\/p>\n<p>Finalmente, el documento invita a trabajar para que el intercambio de ideas y la confrontaci\u00f3n democr\u00e1tica vuelvan a ser reconocidos como &#8220;un ejercicio noble, indispensable y profundamente democr\u00e1tico&#8221;, y pide &#8220;Nunca m\u00e1s&#8221; a la eliminaci\u00f3n del adversario y a la violencia pol\u00edtica.<\/p>\n","protected":false},"excerpt":{"rendered":"<p>En el aniversario del atentado contra la vida de la entonces Vicepresidente de la Naci\u00f3n, el PJ realizar\u00e1 un encuentro este martes a las 18 en la puerta de San Jos\u00e9 1111. A cuatro a\u00f1os del intento de asesinato de Cristina Kirchner, ocurrido el 1 de septiembre de 2022, dirigentes de diversas fuerzas pol\u00edticas firmaron [&hellip;]<\/p>\n","protected":false},"author":2,"featured_media":13884,"comment_status":"open","ping_status":"open","sticky":false,"template":"","format":"standard","meta":{"footnotes":""},"categories":[81],"tags":[],"class_list":["post-13883","post","type-post","status-publish","format-standard","has-post-thumbnail","category-politica"],"_links":{"self":[{"href":"https:\/\/radiokissnoticias.com.ar\/web\/wp-json\/wp\/v2\/posts\/13883","targetHints":{"allow":["GET"]}}],"collection":[{"href":"https:\/\/radiokissnoticias.com.ar\/web\/wp-json\/wp\/v2\/posts"}],"about":[{"href":"https:\/\/radiokissnoticias.com.ar\/web\/wp-json\/wp\/v2\/types\/post"}],"author":[{"embeddable":true,"href":"https:\/\/radiokissnoticias.com.ar\/web\/wp-json\/wp\/v2\/users\/2"}],"replies":[{"embeddable":true,"href":"https:\/\/radiokissnoticias.com.ar\/web\/wp-json\/wp\/v2\/comments?post=13883"}],"version-history":[{"count":2,"href":"https:\/\/radiokissnoticias.com.ar\/web\/wp-json\/wp\/v2\/posts\/13883\/revisions"}],"predecessor-version":[{"id":13886,"href":"https:\/\/radiokissnoticias.com.ar\/web\/wp-json\/wp\/v2\/posts\/13883\/revisions\/13886"}],"wp:featuredmedia":[{"embeddable":true,"href":"https:\/\/radiokissnoticias.com.ar\/web\/wp-json\/wp\/v2\/media\/13884"}],"wp:attachment":[{"href":"https:\/\/radiokissnoticias.com.ar\/web\/wp-json\/wp\/v2\/media?parent=13883"}],"wp:term":[{"taxonomy":"category","embeddable":true,"href":"https:\/\/radiokissnoticias.com.ar\/web\/wp-json\/wp\/v2\/categories?post=13883"},{"taxonomy":"post_tag","embeddable":true,"href":"https:\/\/radiokissnoticias.com.ar\/web\/wp-json\/wp\/v2\/tags?post=13883"}],"curies":[{"name":"wp","href":"https:\/\/api.w.org\/{rel}","templated":true}]}}