{"id":13873,"date":"2026-09-01T12:59:48","date_gmt":"2026-09-01T15:59:48","guid":{"rendered":"https:\/\/radiokissnoticias.com.ar\/web\/?p=13873"},"modified":"2026-09-01T12:59:48","modified_gmt":"2026-09-01T15:59:48","slug":"3a-feria-del-dia-del-inmigrante","status":"publish","type":"post","link":"https:\/\/radiokissnoticias.com.ar\/web\/2026\/09\/01\/3a-feria-del-dia-del-inmigrante\/","title":{"rendered":"3\u00aa Feria del D\u00eda del Inmigrante"},"content":{"rendered":"<p><img decoding=\"async\" src=\"https:\/\/www.powernoticias.com\/images\/202609011012195596\" \/><\/p>\n<p><img decoding=\"async\" src=\"https:\/\/www.powernoticias.com\/images\/202609011012018519\" \/><\/p>\n<p>El Colegio Secundario de Carolina viene organizando por tercer a\u00f1o consecutivo esta feria que re\u00fane a las diferentes colectividades de pa\u00edses que dieron origen, esencia e identidad a nuestras tierras.<\/p>\n<div>La muestra contar\u00e1 con la participaci\u00f3n de los colegios secundarios de Carolina con sus anexos de Isabel Victoria y EPJA; de la ciudad de Goya Escuela T\u00e9cnica Valent\u00edn Virasoro, la Agrot\u00e9cnica de Mercedes Cossio, Colegio Secundario Mahatma Gandhi y su extensi\u00f3n \u00e1ulica de Costa Batel (Yatay Ti Calle); Colegio Secundario de Puerto Viejo Lavalle y el CEF 32 de Carolina.<\/div>\n<div><\/div>\n<div>En contacto radial, las profesoras del Colegio Secundario de Carolina Silvia Mazzuchini y Nuria Zarantonelli, anticiparon que la feria inicia con el desfile de las colectividades desde la Plaza Independencia, avenida San Antonio, hasta el polideportivo escolar, donde se desarrollar\u00e1 \u00edntegramente la feria, el viernes 4 de septiembre desde las 14 horas.<\/div>\n<div><\/div>\n<div>\n<div id=\"modalFulltext\">\n<div>En el di\u00e1logo radial, las docentes destacaron el acompa\u00f1amiento de la comunidad educativa de cada establecimiento participante, agradecieron el aporte de la Municipalidad de Goya, por medio de la Direcci\u00f3n de Cultura permitiendo la presencia de la Escuela Municipal de Danzas Nativas \u201cEl Trovador\u201d, as\u00ed como tambi\u00e9n a la Municipalidad local (Carolina) por el total apoyo y log\u00edstica que brindar\u00e1n para la realizaci\u00f3n de la feria.<\/div>\n<div><\/div>\n<div>Las docentes pusieron en valor el trabajo de todos los participantes, porque al recibir la informaci\u00f3n de la colectividad asignada, se \u201cpusieron a investigar sobre la cultura, historia, vestimenta, sabores, gastronom\u00eda\u201d.<\/div>\n<div><\/div>\n<div>\u201cEstamos agradecidos a la profesora Stella Mary Vicentin por su aporte sobre la historia de la migraci\u00f3n, del origen de nuestra Colonia Carolina, siendo fundamental su contribuci\u00f3n para desarrollar este encuentro\u201d.<\/div>\n<div><\/div>\n<div>\u201cEstamos contentos, expectantes por la realizaci\u00f3n de nuestra 3\u00aa Feria, cada colegio tiene no solo la responsabilidad de representar a la colectividad asignada, adem\u00e1s, este a\u00f1o deber\u00e1 elegir a la reina de la colectividad a representar\u201d.<\/div>\n<div><\/div>\n<div>\u201cEl encuentro se realizar\u00e1 en el polideportivo, con la colocaci\u00f3n de espacios espec\u00edficos, gazebos identificados con la colectividad, incluso cada instituci\u00f3n prepara los sabores de cada colectividad, invitando a degustar al p\u00fablico que asista. Esto se completa con las danzas y bailes t\u00edpicos de cada pa\u00eds interviniente, destacamos el aporte de los ballets, instituto, del taller de danzas de la Municipalidad de Carolina\u201d<\/div>\n<div><\/div>\n<div>Vale mencionar que el acceso es libre y gratuito.<\/div>\n<div><\/div>\n<div>Finalmente, Silvia Mazuchini y Nuria Zarantonelli volvieron a recordar: \u201cel 4 de septiembre, d\u00eda del inmigrante, nos concentramos a las 13:30 frente a la plaza Independencia, para partir a las 14 horas y desarrollar el desfile por la Avenida San Antonio, hasta el polideportivo. Invitamos a los que tengan ganas de acompa\u00f1arnos a concurrir a la 3\u00aa Feria del D\u00eda del Inmigrante; en esta edici\u00f3n invitamos a los j\u00f3venes talentos para que demuestren sus cualidades art\u00edsticas\u201d.<\/div>\n<div><\/div>\n<div>El objetivo es el respeto, la empat\u00eda, la inclusi\u00f3n, la integraci\u00f3n proveniente de esas ra\u00edces puestas por los inmigrantes.<\/div>\n<div><\/div>\n<div>Direcci\u00f3n de Prensa &#8211; Municipalidad de Goya<\/div>\n<\/div>\n<div>\n<div id=\"117986-4\"><\/div>\n<\/div>\n<\/div>\n<div><\/div>\n","protected":false},"excerpt":{"rendered":"<p>El Colegio Secundario de Carolina viene organizando por tercer a\u00f1o consecutivo esta feria que re\u00fane a las diferentes colectividades de pa\u00edses que dieron origen, esencia e identidad a nuestras tierras. La muestra contar\u00e1 con la participaci\u00f3n de los colegios secundarios de Carolina con sus anexos de Isabel Victoria y EPJA; de la ciudad de Goya [&hellip;]<\/p>\n","protected":false},"author":2,"featured_media":13874,"comment_status":"open","ping_status":"open","sticky":false,"template":"","format":"standard","meta":{"footnotes":""},"categories":[77],"tags":[],"class_list":["post-13873","post","type-post","status-publish","format-standard","has-post-thumbnail","category-local"],"_links":{"self":[{"href":"https:\/\/radiokissnoticias.com.ar\/web\/wp-json\/wp\/v2\/posts\/13873","targetHints":{"allow":["GET"]}}],"collection":[{"href":"https:\/\/radiokissnoticias.com.ar\/web\/wp-json\/wp\/v2\/posts"}],"about":[{"href":"https:\/\/radiokissnoticias.com.ar\/web\/wp-json\/wp\/v2\/types\/post"}],"author":[{"embeddable":true,"href":"https:\/\/radiokissnoticias.com.ar\/web\/wp-json\/wp\/v2\/users\/2"}],"replies":[{"embeddable":true,"href":"https:\/\/radiokissnoticias.com.ar\/web\/wp-json\/wp\/v2\/comments?post=13873"}],"version-history":[{"count":1,"href":"https:\/\/radiokissnoticias.com.ar\/web\/wp-json\/wp\/v2\/posts\/13873\/revisions"}],"predecessor-version":[{"id":13875,"href":"https:\/\/radiokissnoticias.com.ar\/web\/wp-json\/wp\/v2\/posts\/13873\/revisions\/13875"}],"wp:featuredmedia":[{"embeddable":true,"href":"https:\/\/radiokissnoticias.com.ar\/web\/wp-json\/wp\/v2\/media\/13874"}],"wp:attachment":[{"href":"https:\/\/radiokissnoticias.com.ar\/web\/wp-json\/wp\/v2\/media?parent=13873"}],"wp:term":[{"taxonomy":"category","embeddable":true,"href":"https:\/\/radiokissnoticias.com.ar\/web\/wp-json\/wp\/v2\/categories?post=13873"},{"taxonomy":"post_tag","embeddable":true,"href":"https:\/\/radiokissnoticias.com.ar\/web\/wp-json\/wp\/v2\/tags?post=13873"}],"curies":[{"name":"wp","href":"https:\/\/api.w.org\/{rel}","templated":true}]}}