{"id":13870,"date":"2026-09-01T12:56:47","date_gmt":"2026-09-01T15:56:47","guid":{"rendered":"https:\/\/radiokissnoticias.com.ar\/web\/?p=13870"},"modified":"2026-09-01T12:56:47","modified_gmt":"2026-09-01T15:56:47","slug":"adepa-pidio-esclarecer-el-incidente-registrado-en-la-sala-de-periodistas-de-la-casa-rosada","status":"publish","type":"post","link":"https:\/\/radiokissnoticias.com.ar\/web\/2026\/09\/01\/adepa-pidio-esclarecer-el-incidente-registrado-en-la-sala-de-periodistas-de-la-casa-rosada\/","title":{"rendered":"ADEPA pidi\u00f3 \u201cesclarecer el incidente\u201d registrado en la Sala de Periodistas de la Casa Rosada"},"content":{"rendered":"<p>Es por la apertura de cajones de uso personal, la falta de algunos insumos y el desorden en pertenencias de algunos cronistas que se produjo.<\/p>\n<p>La Asociaci\u00f3n de Entidades Period\u00edsticas Argentinas (ADEPA) pidi\u00f3 este lunes &#8220;esclarecer el incidente&#8221; registrado en la Sala de Periodistas Acreditados de la Casa Rosada, donde se habr\u00eda producido la apertura de cajones de uso personal, la falta de algunos insumos y el desorden en pertenencias de algunos cronistas que all\u00ed se desempe\u00f1an.<\/p>\n<p>&#8220;Ante lo ocurrido y frente a la investigaci\u00f3n anunciada por las autoridades, ADEPA considera necesario que se esclarezcan los hechos y se determinen las circunstancias y responsabilidades correspondientes&#8221;, sostuvo la entidad en un comunicado.<\/p>\n<p>Este lunes, la Sala de Periodistas de Casa Rosada amaneci\u00f3 con una particularidad: los cajones de los escritorios estaban abiertos, con signos de haber hurgado, y faltaba mercader\u00eda de los periodistas acreditados.<\/p>\n<p>La oficina estaba sin llaves, algo que antes de las restricciones manejaban los propios periodistas, y con las luces apagadas. Al ingresar, las cajoneras estaban revueltas y hab\u00edan desaparecido paquetes de yerba y cartones de leche para el consumo diario.<\/p>\n<p>Hasta entonces el Gobierno intenta determinar qu\u00e9 ocurri\u00f3. Lo significativo es que se dio en medio de las fuertes restricciones que impuso la administraci\u00f3n libertaria contra la prensa acreditada, que se ve desde hace meses impedida de circular por los pasillos de Balcarce 50.<\/p>\n","protected":false},"excerpt":{"rendered":"<p>Es por la apertura de cajones de uso personal, la falta de algunos insumos y el desorden en pertenencias de algunos cronistas que se produjo. La Asociaci\u00f3n de Entidades Period\u00edsticas Argentinas (ADEPA) pidi\u00f3 este lunes &#8220;esclarecer el incidente&#8221; registrado en la Sala de Periodistas Acreditados de la Casa Rosada, donde se habr\u00eda producido la apertura [&hellip;]<\/p>\n","protected":false},"author":2,"featured_media":13871,"comment_status":"open","ping_status":"open","sticky":false,"template":"","format":"standard","meta":{"footnotes":""},"categories":[78],"tags":[],"class_list":["post-13870","post","type-post","status-publish","format-standard","has-post-thumbnail","category-nacional"],"_links":{"self":[{"href":"https:\/\/radiokissnoticias.com.ar\/web\/wp-json\/wp\/v2\/posts\/13870","targetHints":{"allow":["GET"]}}],"collection":[{"href":"https:\/\/radiokissnoticias.com.ar\/web\/wp-json\/wp\/v2\/posts"}],"about":[{"href":"https:\/\/radiokissnoticias.com.ar\/web\/wp-json\/wp\/v2\/types\/post"}],"author":[{"embeddable":true,"href":"https:\/\/radiokissnoticias.com.ar\/web\/wp-json\/wp\/v2\/users\/2"}],"replies":[{"embeddable":true,"href":"https:\/\/radiokissnoticias.com.ar\/web\/wp-json\/wp\/v2\/comments?post=13870"}],"version-history":[{"count":1,"href":"https:\/\/radiokissnoticias.com.ar\/web\/wp-json\/wp\/v2\/posts\/13870\/revisions"}],"predecessor-version":[{"id":13872,"href":"https:\/\/radiokissnoticias.com.ar\/web\/wp-json\/wp\/v2\/posts\/13870\/revisions\/13872"}],"wp:featuredmedia":[{"embeddable":true,"href":"https:\/\/radiokissnoticias.com.ar\/web\/wp-json\/wp\/v2\/media\/13871"}],"wp:attachment":[{"href":"https:\/\/radiokissnoticias.com.ar\/web\/wp-json\/wp\/v2\/media?parent=13870"}],"wp:term":[{"taxonomy":"category","embeddable":true,"href":"https:\/\/radiokissnoticias.com.ar\/web\/wp-json\/wp\/v2\/categories?post=13870"},{"taxonomy":"post_tag","embeddable":true,"href":"https:\/\/radiokissnoticias.com.ar\/web\/wp-json\/wp\/v2\/tags?post=13870"}],"curies":[{"name":"wp","href":"https:\/\/api.w.org\/{rel}","templated":true}]}}