{"id":13866,"date":"2026-09-01T12:42:09","date_gmt":"2026-09-01T15:42:09","guid":{"rendered":"https:\/\/radiokissnoticias.com.ar\/web\/?p=13866"},"modified":"2026-09-01T12:42:09","modified_gmt":"2026-09-01T15:42:09","slug":"se-llevara-adelante-el-acto-de-apertura-de-la-licenciatura-en-educacion","status":"publish","type":"post","link":"https:\/\/radiokissnoticias.com.ar\/web\/2026\/09\/01\/se-llevara-adelante-el-acto-de-apertura-de-la-licenciatura-en-educacion\/","title":{"rendered":"Se llevar\u00e1 adelante el Acto de Apertura de la Licenciatura en Educaci\u00f3n"},"content":{"rendered":"<p>La Fundaci\u00f3n \u00c1gora invit\u00f3 a los estudiantes de la Licenciatura en Educaci\u00f3n a participar del acto de apertura que dar\u00e1 inicio a este nuevo trayecto de formaci\u00f3n.<\/p>\n<div>El referido acto se realizar\u00e1 el 5 de septiembre a las 09:30, dando inicio las clases a partir de las 10,00 en la sede del Instituto Superior \u201cDr. Daniel Lesteime\u201d.<\/div>\n<div><\/div>\n<div>Ser\u00e1 una jornada especial para dar comienzo a una nueva etapa acad\u00e9mica y reencontrarse como comunidad educativa.<\/div>\n<div><\/div>\n<div>Direcci\u00f3n de Prensa-Municipalidad de Goya<\/div>\n","protected":false},"excerpt":{"rendered":"<p>La Fundaci\u00f3n \u00c1gora invit\u00f3 a los estudiantes de la Licenciatura en Educaci\u00f3n a participar del acto de apertura que dar\u00e1 inicio a este nuevo trayecto de formaci\u00f3n. El referido acto se realizar\u00e1 el 5 de septiembre a las 09:30, dando inicio las clases a partir de las 10,00 en la sede del Instituto Superior \u201cDr. [&hellip;]<\/p>\n","protected":false},"author":2,"featured_media":13867,"comment_status":"open","ping_status":"open","sticky":false,"template":"","format":"standard","meta":{"footnotes":""},"categories":[77],"tags":[],"class_list":["post-13866","post","type-post","status-publish","format-standard","has-post-thumbnail","category-local"],"_links":{"self":[{"href":"https:\/\/radiokissnoticias.com.ar\/web\/wp-json\/wp\/v2\/posts\/13866","targetHints":{"allow":["GET"]}}],"collection":[{"href":"https:\/\/radiokissnoticias.com.ar\/web\/wp-json\/wp\/v2\/posts"}],"about":[{"href":"https:\/\/radiokissnoticias.com.ar\/web\/wp-json\/wp\/v2\/types\/post"}],"author":[{"embeddable":true,"href":"https:\/\/radiokissnoticias.com.ar\/web\/wp-json\/wp\/v2\/users\/2"}],"replies":[{"embeddable":true,"href":"https:\/\/radiokissnoticias.com.ar\/web\/wp-json\/wp\/v2\/comments?post=13866"}],"version-history":[{"count":2,"href":"https:\/\/radiokissnoticias.com.ar\/web\/wp-json\/wp\/v2\/posts\/13866\/revisions"}],"predecessor-version":[{"id":13869,"href":"https:\/\/radiokissnoticias.com.ar\/web\/wp-json\/wp\/v2\/posts\/13866\/revisions\/13869"}],"wp:featuredmedia":[{"embeddable":true,"href":"https:\/\/radiokissnoticias.com.ar\/web\/wp-json\/wp\/v2\/media\/13867"}],"wp:attachment":[{"href":"https:\/\/radiokissnoticias.com.ar\/web\/wp-json\/wp\/v2\/media?parent=13866"}],"wp:term":[{"taxonomy":"category","embeddable":true,"href":"https:\/\/radiokissnoticias.com.ar\/web\/wp-json\/wp\/v2\/categories?post=13866"},{"taxonomy":"post_tag","embeddable":true,"href":"https:\/\/radiokissnoticias.com.ar\/web\/wp-json\/wp\/v2\/tags?post=13866"}],"curies":[{"name":"wp","href":"https:\/\/api.w.org\/{rel}","templated":true}]}}