{"id":13858,"date":"2026-08-31T21:28:33","date_gmt":"2026-09-01T00:28:33","guid":{"rendered":"https:\/\/radiokissnoticias.com.ar\/web\/?p=13858"},"modified":"2026-08-31T21:28:33","modified_gmt":"2026-09-01T00:28:33","slug":"calle-brasil-a-partir-de-ahora-tendra-sentido-unico","status":"publish","type":"post","link":"https:\/\/radiokissnoticias.com.ar\/web\/2026\/08\/31\/calle-brasil-a-partir-de-ahora-tendra-sentido-unico\/","title":{"rendered":"Calle Brasil a partir de ahora tendr\u00e1 sentido \u00fanico"},"content":{"rendered":"<p><img loading=\"lazy\" decoding=\"async\" class=\"\" src=\"https:\/\/www.powernoticias.com\/images\/202608312207280464\" width=\"624\" height=\"415\" \/><\/p>\n<p>El director de Tr\u00e1nsito, licenciado Alejandro Stortti dijo este lunes, que desde el primer d\u00eda septiembre se dar\u00e1 cumplimiento a la Ordenanza Municipal que indica que el tr\u00e1nsito vehicular tendr\u00e1 sentido de sur-norte. \u201cVamos a empezar un intenso trabajo de adaptaci\u00f3n para orientar a los automovilistas el sentido de calle Brasil, y pr\u00f3ximamente se ubicar\u00e1 la carteler\u00eda, acompa\u00f1ado de una campa\u00f1a para que todos tengan conocimiento respecto a este cambio\u201d, dijo durante la comunicaci\u00f3n el funcionario municipal. Por el momento no se aplicar\u00e1n multas<\/p>\n<p>La disposici\u00f3n incluye el tramo de la mencionada arteria, desde avenida Neustadt hasta Mazantti, 19 cuadras en total, donde a partir de ahora los autom\u00f3viles y otros rodados deber\u00e1n recorrer en sentido sur-norte.<\/p>\n","protected":false},"excerpt":{"rendered":"<p>El director de Tr\u00e1nsito, licenciado Alejandro Stortti dijo este lunes, que desde el primer d\u00eda septiembre se dar\u00e1 cumplimiento a la Ordenanza Municipal que indica que el tr\u00e1nsito vehicular tendr\u00e1 sentido de sur-norte. \u201cVamos a empezar un intenso trabajo de adaptaci\u00f3n para orientar a los automovilistas el sentido de calle Brasil, y pr\u00f3ximamente se ubicar\u00e1 [&hellip;]<\/p>\n","protected":false},"author":2,"featured_media":13859,"comment_status":"open","ping_status":"open","sticky":false,"template":"","format":"standard","meta":{"footnotes":""},"categories":[77],"tags":[],"class_list":["post-13858","post","type-post","status-publish","format-standard","has-post-thumbnail","category-local"],"_links":{"self":[{"href":"https:\/\/radiokissnoticias.com.ar\/web\/wp-json\/wp\/v2\/posts\/13858","targetHints":{"allow":["GET"]}}],"collection":[{"href":"https:\/\/radiokissnoticias.com.ar\/web\/wp-json\/wp\/v2\/posts"}],"about":[{"href":"https:\/\/radiokissnoticias.com.ar\/web\/wp-json\/wp\/v2\/types\/post"}],"author":[{"embeddable":true,"href":"https:\/\/radiokissnoticias.com.ar\/web\/wp-json\/wp\/v2\/users\/2"}],"replies":[{"embeddable":true,"href":"https:\/\/radiokissnoticias.com.ar\/web\/wp-json\/wp\/v2\/comments?post=13858"}],"version-history":[{"count":2,"href":"https:\/\/radiokissnoticias.com.ar\/web\/wp-json\/wp\/v2\/posts\/13858\/revisions"}],"predecessor-version":[{"id":13861,"href":"https:\/\/radiokissnoticias.com.ar\/web\/wp-json\/wp\/v2\/posts\/13858\/revisions\/13861"}],"wp:featuredmedia":[{"embeddable":true,"href":"https:\/\/radiokissnoticias.com.ar\/web\/wp-json\/wp\/v2\/media\/13859"}],"wp:attachment":[{"href":"https:\/\/radiokissnoticias.com.ar\/web\/wp-json\/wp\/v2\/media?parent=13858"}],"wp:term":[{"taxonomy":"category","embeddable":true,"href":"https:\/\/radiokissnoticias.com.ar\/web\/wp-json\/wp\/v2\/categories?post=13858"},{"taxonomy":"post_tag","embeddable":true,"href":"https:\/\/radiokissnoticias.com.ar\/web\/wp-json\/wp\/v2\/tags?post=13858"}],"curies":[{"name":"wp","href":"https:\/\/api.w.org\/{rel}","templated":true}]}}