{"id":13855,"date":"2026-08-31T21:25:03","date_gmt":"2026-09-01T00:25:03","guid":{"rendered":"https:\/\/radiokissnoticias.com.ar\/web\/?p=13855"},"modified":"2026-08-31T21:25:03","modified_gmt":"2026-09-01T00:25:03","slug":"noelia-marzol-invita-a-la-funcion-de-bloody-tango-en-goya","status":"publish","type":"post","link":"https:\/\/radiokissnoticias.com.ar\/web\/2026\/08\/31\/noelia-marzol-invita-a-la-funcion-de-bloody-tango-en-goya\/","title":{"rendered":"Noelia Marzol invita a la funci\u00f3n de Bloody Tango en Goya"},"content":{"rendered":"<p>La popular artista Noelia Marzol explic\u00f3 este lunes en qu\u00e9 consiste el espect\u00e1culo que se presentar\u00e1 este s\u00e1bado 5 de septiembre en el Teatro Municipal Goya, con 11 artistas en escena, entre ellos la pareja de tango campeona del mundo. Marzol ya conoc\u00eda Goya ya que vino con el Ballet Argentino en una edici\u00f3n anterior de la Fiesta Nacional de Surub\u00ed, recorri\u00f3 la ciudad pero no visit\u00f3 el Teatro en actividad m\u00e1s antiguo del pa\u00eds, en donde presentar\u00e1 junto a Jonathan Lazarte este laureado espect\u00e1culo.<\/p>\n","protected":false},"excerpt":{"rendered":"<p>La popular artista Noelia Marzol explic\u00f3 este lunes en qu\u00e9 consiste el espect\u00e1culo que se presentar\u00e1 este s\u00e1bado 5 de septiembre en el Teatro Municipal Goya, con 11 artistas en escena, entre ellos la pareja de tango campeona del mundo. Marzol ya conoc\u00eda Goya ya que vino con el Ballet Argentino en una edici\u00f3n anterior [&hellip;]<\/p>\n","protected":false},"author":2,"featured_media":13856,"comment_status":"open","ping_status":"open","sticky":false,"template":"","format":"standard","meta":{"footnotes":""},"categories":[77],"tags":[],"class_list":["post-13855","post","type-post","status-publish","format-standard","has-post-thumbnail","category-local"],"_links":{"self":[{"href":"https:\/\/radiokissnoticias.com.ar\/web\/wp-json\/wp\/v2\/posts\/13855","targetHints":{"allow":["GET"]}}],"collection":[{"href":"https:\/\/radiokissnoticias.com.ar\/web\/wp-json\/wp\/v2\/posts"}],"about":[{"href":"https:\/\/radiokissnoticias.com.ar\/web\/wp-json\/wp\/v2\/types\/post"}],"author":[{"embeddable":true,"href":"https:\/\/radiokissnoticias.com.ar\/web\/wp-json\/wp\/v2\/users\/2"}],"replies":[{"embeddable":true,"href":"https:\/\/radiokissnoticias.com.ar\/web\/wp-json\/wp\/v2\/comments?post=13855"}],"version-history":[{"count":1,"href":"https:\/\/radiokissnoticias.com.ar\/web\/wp-json\/wp\/v2\/posts\/13855\/revisions"}],"predecessor-version":[{"id":13857,"href":"https:\/\/radiokissnoticias.com.ar\/web\/wp-json\/wp\/v2\/posts\/13855\/revisions\/13857"}],"wp:featuredmedia":[{"embeddable":true,"href":"https:\/\/radiokissnoticias.com.ar\/web\/wp-json\/wp\/v2\/media\/13856"}],"wp:attachment":[{"href":"https:\/\/radiokissnoticias.com.ar\/web\/wp-json\/wp\/v2\/media?parent=13855"}],"wp:term":[{"taxonomy":"category","embeddable":true,"href":"https:\/\/radiokissnoticias.com.ar\/web\/wp-json\/wp\/v2\/categories?post=13855"},{"taxonomy":"post_tag","embeddable":true,"href":"https:\/\/radiokissnoticias.com.ar\/web\/wp-json\/wp\/v2\/tags?post=13855"}],"curies":[{"name":"wp","href":"https:\/\/api.w.org\/{rel}","templated":true}]}}