{"id":13849,"date":"2026-08-31T21:20:29","date_gmt":"2026-09-01T00:20:29","guid":{"rendered":"https:\/\/radiokissnoticias.com.ar\/web\/?p=13849"},"modified":"2026-08-31T21:20:29","modified_gmt":"2026-09-01T00:20:29","slug":"encuentro-referentes-nacionales-e-internacionales-capacitaron-a-mas-de-150-profesionales-de-la-obstetricia","status":"publish","type":"post","link":"https:\/\/radiokissnoticias.com.ar\/web\/2026\/08\/31\/encuentro-referentes-nacionales-e-internacionales-capacitaron-a-mas-de-150-profesionales-de-la-obstetricia\/","title":{"rendered":"ENCUENTRO: Referentes nacionales e internacionales capacitaron a m\u00e1s de 150 profesionales de la obstetricia"},"content":{"rendered":"<p><img decoding=\"async\" src=\"https:\/\/www.powernoticias.com\/images\/202608312128584853\" \/><\/p>\n<p><img decoding=\"async\" src=\"https:\/\/www.powernoticias.com\/images\/202608312128516521\" \/><\/p>\n<p>En el d\u00eda de la profesi\u00f3n, hubo una jornada donde estuvieron referentes nacionales e internacionales disertando sobre legislaciones y desaf\u00edos actuales. En el p\u00fablico, hubo personal sanitario del interior de Corrientes y tambi\u00e9n de Chaco.<\/p>\n<div id=\"modalFulltext\">En el D\u00eda de la Obstetricia y de la Embarazada, se realiz\u00f3 la V Jornada de Actualizaci\u00f3n en Obstetricia y III Jornada de Residencia de Obstetricia organizada por el Ministerio de Salud P\u00fablica a trav\u00e9s de la Direcci\u00f3n de Obstetricia. Entre los disertantes, se encontr\u00f3 la presidente de la Asociaci\u00f3n de Obstetras del Paraguay, Sandra L\u00f3pez. Adem\u00e1s de referentes a nivel nacional como las doctoras Jael Ojuel y Julieta Sandoval que hablaron sobre el acompa\u00f1amiento de gestantes en situaciones de vulnerabilidad.<\/p>\n<p>\u201cEs necesario que entendamos que la cooperaci\u00f3n es fundamental, entre todo el equipo de salud. Cada ni\u00f1o por nacer es una joya para el futuro y debemos cuidarlo, tenemos que lograr que sea un argentino sano y pujante. Todos debemos estar ah\u00ed para esa mujer que decide llevar adelante un embarazo\u201d, dijo el ministro de Salud P\u00fablica, Emilio Lanari Zubiaur, e inst\u00f3 a continuar con el compromiso con el que trabajan para la mam\u00e1 y el beb\u00e9.<\/p>\n<p>A su turno, Nora Ropelato quien es directora de Formaci\u00f3n de Profesionales de la Salud, felicit\u00f3 por la convocatoria del evento y valor\u00f3 el trabajo de los residentes en las maternidades. Para la funcionaria \u201cla obstetricia es un perfil que necesitamos\u201d.<\/p>\n<p>\u201cEs un d\u00eda que no s\u00f3lo celebramos la vida, tambi\u00e9n la profesi\u00f3n. Tenemos disertantes a nivel nacional e internacional. Van a contar experiencias y como vienen desarrollando la profesi\u00f3n. Tenemos un p\u00fablico muy amplio. El equipo que forma parte de la obstetricia incluye desde el que recibe a la paciente, desde el administrativo, hasta el profesional que la atiende\u201d, se\u00f1al\u00f3 la directora de Obstetricia de la Provincia, Vanesa Almerich.<\/p>\n<p>A su vez, sostuvo que \u201ctrabajamos para que en cada centro de salud la embarazada tenga la contenci\u00f3n y atenci\u00f3n asegurada\u201d.<\/p>\n<p>\u201cVenimos a compartir con colegas de la regi\u00f3n nuestra experiencia sobre la regulaci\u00f3n para el ejercicio profesional de la obstetra y nuestra realidad profesional. En distintos pa\u00edses de Latinoam\u00e9rica se necesita un impulso para revalorizar el trabajo y posicionarnos. Esto a su vez, trae beneficios enormes a la comunidad como tener obstetras en todos los lugares ya que no solo atendemos embarazadas o gestantes, tambi\u00e9n a la mujer en todo su curso de vida\u201d, coment\u00f3 Sandra L\u00f3pez.<\/p>\n<p>En Argentina, cada 31 de agosto se celebra este d\u00eda para promover el rol fundamental que cumplen las parteras y los parteros en la salud de la mujer embarazada y el beb\u00e9 reci\u00e9n nacido. La atenci\u00f3n y contenci\u00f3n integral que brindan estos equipos de salud comprenden aspectos psicol\u00f3gicos y sociales. La relaci\u00f3n humana es tan importante como la experiencia profesional.<\/p><\/div>\n<div>\n<div id=\"117986-4\"><\/div>\n<\/div>\n","protected":false},"excerpt":{"rendered":"<p>En el d\u00eda de la profesi\u00f3n, hubo una jornada donde estuvieron referentes nacionales e internacionales disertando sobre legislaciones y desaf\u00edos actuales. En el p\u00fablico, hubo personal sanitario del interior de Corrientes y tambi\u00e9n de Chaco. En el D\u00eda de la Obstetricia y de la Embarazada, se realiz\u00f3 la V Jornada de Actualizaci\u00f3n en Obstetricia y [&hellip;]<\/p>\n","protected":false},"author":2,"featured_media":13850,"comment_status":"open","ping_status":"open","sticky":false,"template":"","format":"standard","meta":{"footnotes":""},"categories":[80],"tags":[],"class_list":["post-13849","post","type-post","status-publish","format-standard","has-post-thumbnail","category-interes-general"],"_links":{"self":[{"href":"https:\/\/radiokissnoticias.com.ar\/web\/wp-json\/wp\/v2\/posts\/13849","targetHints":{"allow":["GET"]}}],"collection":[{"href":"https:\/\/radiokissnoticias.com.ar\/web\/wp-json\/wp\/v2\/posts"}],"about":[{"href":"https:\/\/radiokissnoticias.com.ar\/web\/wp-json\/wp\/v2\/types\/post"}],"author":[{"embeddable":true,"href":"https:\/\/radiokissnoticias.com.ar\/web\/wp-json\/wp\/v2\/users\/2"}],"replies":[{"embeddable":true,"href":"https:\/\/radiokissnoticias.com.ar\/web\/wp-json\/wp\/v2\/comments?post=13849"}],"version-history":[{"count":1,"href":"https:\/\/radiokissnoticias.com.ar\/web\/wp-json\/wp\/v2\/posts\/13849\/revisions"}],"predecessor-version":[{"id":13851,"href":"https:\/\/radiokissnoticias.com.ar\/web\/wp-json\/wp\/v2\/posts\/13849\/revisions\/13851"}],"wp:featuredmedia":[{"embeddable":true,"href":"https:\/\/radiokissnoticias.com.ar\/web\/wp-json\/wp\/v2\/media\/13850"}],"wp:attachment":[{"href":"https:\/\/radiokissnoticias.com.ar\/web\/wp-json\/wp\/v2\/media?parent=13849"}],"wp:term":[{"taxonomy":"category","embeddable":true,"href":"https:\/\/radiokissnoticias.com.ar\/web\/wp-json\/wp\/v2\/categories?post=13849"},{"taxonomy":"post_tag","embeddable":true,"href":"https:\/\/radiokissnoticias.com.ar\/web\/wp-json\/wp\/v2\/tags?post=13849"}],"curies":[{"name":"wp","href":"https:\/\/api.w.org\/{rel}","templated":true}]}}