{"id":13839,"date":"2026-08-31T21:12:41","date_gmt":"2026-09-01T00:12:41","guid":{"rendered":"https:\/\/radiokissnoticias.com.ar\/web\/?p=13839"},"modified":"2026-08-31T21:12:41","modified_gmt":"2026-09-01T00:12:41","slug":"relevaron-a-un-jefe-militar-se-sospecha-que-la-decision-se-debio-a-su-vinculo-con-villarruel","status":"publish","type":"post","link":"https:\/\/radiokissnoticias.com.ar\/web\/2026\/08\/31\/relevaron-a-un-jefe-militar-se-sospecha-que-la-decision-se-debio-a-su-vinculo-con-villarruel\/","title":{"rendered":"Relevaron a un jefe militar: se sospecha que la decisi\u00f3n se debi\u00f3 a su v\u00ednculo con Villarruel"},"content":{"rendered":"<p>Se trata de Gonzalo Domine, un segundo jefe del Ej\u00e9rcito en Chubut. Su relaci\u00f3n con la vicepresidente.<\/p>\n<p>El gobierno relev\u00f3 a Gonzalo Domine, segundo jefe del Regimiento de Caballer\u00eda de Exploraci\u00f3n 3 de Esquel, Chubut, tras solo un a\u00f1o de haber asumido ese puesto.<\/p>\n<p>El desplazamiento estaba previsto para fin de a\u00f1o y hay quienes relacionan el adelantamiento de la decisi\u00f3n con la visita que la vicepresidente, Victoria Villarruel, realiz\u00f3 el 12 de enero de este a\u00f1o a la localidad ubicada en el noroeste de Chubut a ra\u00edz de los incendios forestales.<\/p>\n<p>&#8220;Nuestra Patagonia se incendia a\u00f1o tras a\u00f1o. Parques Nacionales y tierras fiscales y privadas son arrasadas por el fuego iniciado con dolo, por negligencia o en forma fortuita&#8221;, escribi\u00f3 la vicepresidenta en ese entonces en sus redes sociales.<\/p>\n<p>Domine habr\u00eda participado en la gesti\u00f3n de una aeronave del Ej\u00e9rcito que permiti\u00f3 a Villarruel, fuertemente enemistada con el presidente Javier Milei y su entorno, hacer un sobrevuelo sobre el \u00e1rea afectada por el fuego.<\/p>\n<p>Sin embargo, fuentes de la propia fuerza negaron en declaraciones a la prensa que el militar haya actuado en ese operativo y sostuvieron que la aeronave estaba asignada a otra repartici\u00f3n.<\/p>\n<p>Seg\u00fan las informaciones period\u00edsticas de ese momento, la vicepresidenta hab\u00eda pedido al Ministerio de Seguridad una aeronave para ir a la zona afectada por el fuego, pero el Gobierno habr\u00eda rechazado la solicitud. Entonces, la titular se habr\u00eda comunicado con las autoridades del Ej\u00e9rcito para poder concretar el sobrevuelo.<\/p>\n<p>QU\u00c9 DIJO EL EJ\u00c9RCITO<\/p>\n<p>Desde el Ej\u00e9rcito desmintieron que el relevamiento se deba a una cuesti\u00f3n pol\u00edtica y afirmaron que se trata de \u201cun proceso normal, previsto al finalizar el a\u00f1o calendario\u201d.<\/p>\n<p>Sobre la asignaci\u00f3n de los roles dentro del Ej\u00e9rcito explicaron &#8220;la asignaci\u00f3n de destinos dentro de la fuerza responde a las necesidades org\u00e1nicas de personal en toda la estructura, tanto en los nombramientos como en las asignaciones de pases generales&#8221;.<\/p>\n<p>Pese a los argumentos oficiales, fuentes locales insisten en su di\u00e1logo con los medios que el relevo de Domine podr\u00eda estar vinculado con su supuesta cercan\u00eda a Villarruel y hacen hincapi\u00e9 en que el militar solo estuvo un a\u00f1o como segundo jefe del Regimiento de Caballer\u00eda de Exploraci\u00f3n 3.<\/p>\n<p>QUI\u00c9N REEMPLAZAR\u00c1 A DOMINE<\/p>\n<p>Acorde con la informaci\u00f3n recopilada por la prensa, el reemplazo de Domine ser\u00e1 Mateo Zabala, un mayor que en la actualidad se desempe\u00f1a en Casa Militar y que ser\u00eda cercano a la secretaria de Presidencia, Karina Milei.<\/p>\n<p>&nbsp;<\/p>\n","protected":false},"excerpt":{"rendered":"<p>Se trata de Gonzalo Domine, un segundo jefe del Ej\u00e9rcito en Chubut. Su relaci\u00f3n con la vicepresidente. El gobierno relev\u00f3 a Gonzalo Domine, segundo jefe del Regimiento de Caballer\u00eda de Exploraci\u00f3n 3 de Esquel, Chubut, tras solo un a\u00f1o de haber asumido ese puesto. El desplazamiento estaba previsto para fin de a\u00f1o y hay quienes [&hellip;]<\/p>\n","protected":false},"author":2,"featured_media":13840,"comment_status":"open","ping_status":"open","sticky":false,"template":"","format":"standard","meta":{"footnotes":""},"categories":[81],"tags":[],"class_list":["post-13839","post","type-post","status-publish","format-standard","has-post-thumbnail","category-politica"],"_links":{"self":[{"href":"https:\/\/radiokissnoticias.com.ar\/web\/wp-json\/wp\/v2\/posts\/13839","targetHints":{"allow":["GET"]}}],"collection":[{"href":"https:\/\/radiokissnoticias.com.ar\/web\/wp-json\/wp\/v2\/posts"}],"about":[{"href":"https:\/\/radiokissnoticias.com.ar\/web\/wp-json\/wp\/v2\/types\/post"}],"author":[{"embeddable":true,"href":"https:\/\/radiokissnoticias.com.ar\/web\/wp-json\/wp\/v2\/users\/2"}],"replies":[{"embeddable":true,"href":"https:\/\/radiokissnoticias.com.ar\/web\/wp-json\/wp\/v2\/comments?post=13839"}],"version-history":[{"count":1,"href":"https:\/\/radiokissnoticias.com.ar\/web\/wp-json\/wp\/v2\/posts\/13839\/revisions"}],"predecessor-version":[{"id":13841,"href":"https:\/\/radiokissnoticias.com.ar\/web\/wp-json\/wp\/v2\/posts\/13839\/revisions\/13841"}],"wp:featuredmedia":[{"embeddable":true,"href":"https:\/\/radiokissnoticias.com.ar\/web\/wp-json\/wp\/v2\/media\/13840"}],"wp:attachment":[{"href":"https:\/\/radiokissnoticias.com.ar\/web\/wp-json\/wp\/v2\/media?parent=13839"}],"wp:term":[{"taxonomy":"category","embeddable":true,"href":"https:\/\/radiokissnoticias.com.ar\/web\/wp-json\/wp\/v2\/categories?post=13839"},{"taxonomy":"post_tag","embeddable":true,"href":"https:\/\/radiokissnoticias.com.ar\/web\/wp-json\/wp\/v2\/tags?post=13839"}],"curies":[{"name":"wp","href":"https:\/\/api.w.org\/{rel}","templated":true}]}}