{"id":13832,"date":"2026-08-31T21:04:49","date_gmt":"2026-09-01T00:04:49","guid":{"rendered":"https:\/\/radiokissnoticias.com.ar\/web\/?p=13832"},"modified":"2026-08-31T21:04:49","modified_gmt":"2026-09-01T00:04:49","slug":"el-obispo-promueve-la-corresponsabilidad-y-la-mision-en-las-parroquias-de-esquina","status":"publish","type":"post","link":"https:\/\/radiokissnoticias.com.ar\/web\/2026\/08\/31\/el-obispo-promueve-la-corresponsabilidad-y-la-mision-en-las-parroquias-de-esquina\/","title":{"rendered":"El obispo promueve la corresponsabilidad y la misi\u00f3n en las parroquias de Esquina"},"content":{"rendered":"<p><img decoding=\"async\" src=\"https:\/\/www.powernoticias.com\/images\/202608312030554415\" \/><\/p>\n<p><img decoding=\"async\" src=\"https:\/\/www.powernoticias.com\/images\/202608312030469145\" \/><\/p>\n<p>Monse\u00f1or Adolfo Ram\u00f3n Canec\u00edn, acompa\u00f1ado por integrantes del Consejo de Asuntos Econ\u00f3micos (CAE) de la di\u00f3cesis de Goya, visit\u00f3 el s\u00e1bado la ciudad de Esquina, donde mantuvo un encuentro con los consejos econ\u00f3micos de las parroquias Santa Rita y Santa Catalina. La delegaci\u00f3n fue recibida por el p\u00e1rroco, padre Pedro Pablo Ojeda, junto a miembros de ambas comunidades parroquiales.<\/p>\n<p>La visita forma parte del recorrido programado para este a\u00f1o por el CAE diocesano, con el prop\u00f3sito de conocer y acompa\u00f1ar la realidad de cada parroquia, animando tambi\u00e9n a la constituci\u00f3n y consolidaci\u00f3n de los consejos seg\u00fan lo establecido por el Estatuto Diocesano.<\/p>\n<p>En sinton\u00eda con el S\u00ednodo de la Sinodalidad, el encuentro puso de relieve la importancia de la comuni\u00f3n, la participaci\u00f3n y la corresponsabilidad de todos los bautizados en la vida y misi\u00f3n de la Iglesia.<\/p>\n<p>Entre los objetivos se destac\u00f3 la necesidad de descubrir el servicio de los consejos econ\u00f3micos a la obra evangelizadora, promoviendo el aporte generoso de tiempo, talentos y recursos, as\u00ed como el cuidado y saneamiento administrativo de los bienes e inmuebles de las comunidades.<\/p>\n<p>Monse\u00f1or Canecin destaco que la di\u00f3cesis contin\u00faa fortaleciendo una Iglesia que camina unida, discierne y comparte responsabilidades, reconociendo que tambi\u00e9n la administraci\u00f3n transparente y solidaria de los bienes es un servicio concreto a la misi\u00f3n evangelizadora.+<\/p>\n<p>PRENSA OBISPADO DE GOYA<\/p>\n","protected":false},"excerpt":{"rendered":"<p>Monse\u00f1or Adolfo Ram\u00f3n Canec\u00edn, acompa\u00f1ado por integrantes del Consejo de Asuntos Econ\u00f3micos (CAE) de la di\u00f3cesis de Goya, visit\u00f3 el s\u00e1bado la ciudad de Esquina, donde mantuvo un encuentro con los consejos econ\u00f3micos de las parroquias Santa Rita y Santa Catalina. La delegaci\u00f3n fue recibida por el p\u00e1rroco, padre Pedro Pablo Ojeda, junto a miembros [&hellip;]<\/p>\n","protected":false},"author":2,"featured_media":13833,"comment_status":"open","ping_status":"open","sticky":false,"template":"","format":"standard","meta":{"footnotes":""},"categories":[79],"tags":[],"class_list":["post-13832","post","type-post","status-publish","format-standard","has-post-thumbnail","category-provincia"],"_links":{"self":[{"href":"https:\/\/radiokissnoticias.com.ar\/web\/wp-json\/wp\/v2\/posts\/13832","targetHints":{"allow":["GET"]}}],"collection":[{"href":"https:\/\/radiokissnoticias.com.ar\/web\/wp-json\/wp\/v2\/posts"}],"about":[{"href":"https:\/\/radiokissnoticias.com.ar\/web\/wp-json\/wp\/v2\/types\/post"}],"author":[{"embeddable":true,"href":"https:\/\/radiokissnoticias.com.ar\/web\/wp-json\/wp\/v2\/users\/2"}],"replies":[{"embeddable":true,"href":"https:\/\/radiokissnoticias.com.ar\/web\/wp-json\/wp\/v2\/comments?post=13832"}],"version-history":[{"count":1,"href":"https:\/\/radiokissnoticias.com.ar\/web\/wp-json\/wp\/v2\/posts\/13832\/revisions"}],"predecessor-version":[{"id":13834,"href":"https:\/\/radiokissnoticias.com.ar\/web\/wp-json\/wp\/v2\/posts\/13832\/revisions\/13834"}],"wp:featuredmedia":[{"embeddable":true,"href":"https:\/\/radiokissnoticias.com.ar\/web\/wp-json\/wp\/v2\/media\/13833"}],"wp:attachment":[{"href":"https:\/\/radiokissnoticias.com.ar\/web\/wp-json\/wp\/v2\/media?parent=13832"}],"wp:term":[{"taxonomy":"category","embeddable":true,"href":"https:\/\/radiokissnoticias.com.ar\/web\/wp-json\/wp\/v2\/categories?post=13832"},{"taxonomy":"post_tag","embeddable":true,"href":"https:\/\/radiokissnoticias.com.ar\/web\/wp-json\/wp\/v2\/tags?post=13832"}],"curies":[{"name":"wp","href":"https:\/\/api.w.org\/{rel}","templated":true}]}}