{"id":13826,"date":"2026-08-31T20:55:02","date_gmt":"2026-08-31T23:55:02","guid":{"rendered":"https:\/\/radiokissnoticias.com.ar\/web\/?p=13826"},"modified":"2026-08-31T20:55:02","modified_gmt":"2026-08-31T23:55:02","slug":"fondos-de-la-uom-la-justicia-evalua-sumar-a-la-investigacion-la-compra-del-departamento-vecino-de-cristina-kirchner","status":"publish","type":"post","link":"https:\/\/radiokissnoticias.com.ar\/web\/2026\/08\/31\/fondos-de-la-uom-la-justicia-evalua-sumar-a-la-investigacion-la-compra-del-departamento-vecino-de-cristina-kirchner\/","title":{"rendered":"Fondos de la UOM: la Justicia eval\u00faa sumar a la investigaci\u00f3n la compra del departamento vecino de Cristina Kirchner"},"content":{"rendered":"<p>El inmueble fue adquirido por la sindicalista y militante de La C\u00e1mpora Mar\u00eda Soledad Calle. Analizan si tiene relaci\u00f3n con la causa contra el gremio por desv\u00edos.<\/p>\n<p>La Justicia investiga a la sindicalista y militante de La C\u00e1mpora Mar\u00eda Soledad Calle por la compra del departamento ubicado en San Jos\u00e9 1111, debajo del de la ex presidente Cristina Kirchner, y analiza sumarlo a la causa por fraude en los fondos de la Uni\u00f3n Obrera Metal\u00fargica (UOM).<\/p>\n<p>Fuentes judiciales informaron que el fiscal Eduardo Taiano eval\u00faa si este hecho tiene relaci\u00f3n con la investigaci\u00f3n por el manejo de los fondos del gremio bajo la gesti\u00f3n de Abel Furl\u00e1n.<\/p>\n<p>Seg\u00fan se revel\u00f3, Calle compr\u00f3 el departamento ubicado debajo del de la exmandataria, donde cumple su condena por la causa Vialidad, por un monto de US$ 190.000.<\/p>\n<p>Ahora, Taiano analiza incorporar esto a la causa para determinar el origen de los fondos con los que se adquiri\u00f3 y si guarda relaci\u00f3n con el supuesto desv\u00edo de dinero de la UOM.<\/p>\n<p>La semana pasada, el abogado Yamil Castro Bianchi, que representa a los gremialistas \u00c1ngel Derosso y Gerardo Piva que son querellantes, solicit\u00f3 al juez federal Juli\u00e1n Ercolini que allane el departamento de San Jos\u00e9 1111.<\/p>\n<p>La causa por presuntos desv\u00edos en la UOM se inici\u00f3 tras una denuncia por administraci\u00f3n fraudulenta, asociaci\u00f3n il\u00edcita y lavado de dinero por el contrato que firm\u00f3 en 2023 con la empresa Uni\u00f3n de Seccionales Metal\u00fargicas (USEM), ligada a Calle, que qued\u00f3 a cargo de la administraci\u00f3n de los fondos del gremio.<\/p>\n","protected":false},"excerpt":{"rendered":"<p>El inmueble fue adquirido por la sindicalista y militante de La C\u00e1mpora Mar\u00eda Soledad Calle. Analizan si tiene relaci\u00f3n con la causa contra el gremio por desv\u00edos. La Justicia investiga a la sindicalista y militante de La C\u00e1mpora Mar\u00eda Soledad Calle por la compra del departamento ubicado en San Jos\u00e9 1111, debajo del de la [&hellip;]<\/p>\n","protected":false},"author":2,"featured_media":13827,"comment_status":"open","ping_status":"open","sticky":false,"template":"","format":"standard","meta":{"footnotes":""},"categories":[78],"tags":[],"class_list":["post-13826","post","type-post","status-publish","format-standard","has-post-thumbnail","category-nacional"],"_links":{"self":[{"href":"https:\/\/radiokissnoticias.com.ar\/web\/wp-json\/wp\/v2\/posts\/13826","targetHints":{"allow":["GET"]}}],"collection":[{"href":"https:\/\/radiokissnoticias.com.ar\/web\/wp-json\/wp\/v2\/posts"}],"about":[{"href":"https:\/\/radiokissnoticias.com.ar\/web\/wp-json\/wp\/v2\/types\/post"}],"author":[{"embeddable":true,"href":"https:\/\/radiokissnoticias.com.ar\/web\/wp-json\/wp\/v2\/users\/2"}],"replies":[{"embeddable":true,"href":"https:\/\/radiokissnoticias.com.ar\/web\/wp-json\/wp\/v2\/comments?post=13826"}],"version-history":[{"count":1,"href":"https:\/\/radiokissnoticias.com.ar\/web\/wp-json\/wp\/v2\/posts\/13826\/revisions"}],"predecessor-version":[{"id":13828,"href":"https:\/\/radiokissnoticias.com.ar\/web\/wp-json\/wp\/v2\/posts\/13826\/revisions\/13828"}],"wp:featuredmedia":[{"embeddable":true,"href":"https:\/\/radiokissnoticias.com.ar\/web\/wp-json\/wp\/v2\/media\/13827"}],"wp:attachment":[{"href":"https:\/\/radiokissnoticias.com.ar\/web\/wp-json\/wp\/v2\/media?parent=13826"}],"wp:term":[{"taxonomy":"category","embeddable":true,"href":"https:\/\/radiokissnoticias.com.ar\/web\/wp-json\/wp\/v2\/categories?post=13826"},{"taxonomy":"post_tag","embeddable":true,"href":"https:\/\/radiokissnoticias.com.ar\/web\/wp-json\/wp\/v2\/tags?post=13826"}],"curies":[{"name":"wp","href":"https:\/\/api.w.org\/{rel}","templated":true}]}}