{"id":13821,"date":"2026-08-31T15:27:54","date_gmt":"2026-08-31T18:27:54","guid":{"rendered":"https:\/\/radiokissnoticias.com.ar\/web\/?p=13821"},"modified":"2026-08-31T15:30:13","modified_gmt":"2026-08-31T18:30:13","slug":"murio-miguel-zavaleta-historico-lider-de-sueter-a-los-71-anos","status":"publish","type":"post","link":"https:\/\/radiokissnoticias.com.ar\/web\/2026\/08\/31\/murio-miguel-zavaleta-historico-lider-de-sueter-a-los-71-anos\/","title":{"rendered":"Muri\u00f3 Miguel Zavaleta, hist\u00f3rico l\u00edder de Su\u00e9ter a los 71 a\u00f1os"},"content":{"rendered":"<p>El m\u00fasico y compositor luch\u00f3 contra un c\u00e1ncer, seg\u00fan confirm\u00f3 su c\u00edrculo \u00edntimo. El recorrido musical del int\u00e9rprete comenz\u00f3 en los a\u00f1os 70. Era sobrino del pianista de jazz Enrique \u201cMono\u201d Villegas. De chico estuvo ligado a la m\u00fasica y, aunque inicialmente escuchaba folklore, descubri\u00f3 el rock durante su adolescencia, cuando asisti\u00f3 por casualidad a un festival de m\u00fasica beat.<\/p>\n<p>Muri\u00f3 Miguel Zavaleta, cantante, compositor y l\u00edder hist\u00f3rico de Su\u00e9ter, a los 71 a\u00f1os, tras luchar contra un c\u00e1ncer, seg\u00fan confirm\u00f3 el c\u00edrculo \u00edntimo del m\u00fasico que dej\u00f3 una marca singular en el rock argentino durante la d\u00e9cada de 1980.<\/p>\n<p>Zavaleta fue la voz y una de las principales figuras del mencionado grupo con el que construy\u00f3 cl\u00e1sicos como \u201cAmanece en la ruta\u201d, \u201cV\u00eda M\u00e9xico\u201d, \u201c\u00c9l anda diciendo\u201d y \u201cExtra\u00f1o ser\u201d, adem\u00e1s de desarrollar una extensa trayectoria como m\u00fasico y compositor en distintos proyectos.<\/p>\n<p>En los \u00faltimos a\u00f1os, adem\u00e1s, volvi\u00f3 a vincularse activamente con el repertorio de la agrupaci\u00f3n. La banda retom\u00f3 los escenarios en 2023 y en 2024 public\u00f3 \u201cLa Reserva Moral de Occidente\u201d, un trabajo con nuevas versiones de sus canciones junto a artistas invitados como Nahuel Pennisi, Rub\u00e9n Rada, Hilda Lizarazu, Juli\u00e1n Kartun, Marcelo Moura, Leo Garc\u00eda, Juan \u201cPollo\u201d Raffo, Javier Malosetti, Daniel Melingo y M\u00eda Folino.<\/p>\n<p>La historia del grupo estuvo marcada por distintas separaciones y regresos, aunque Zavaleta permaneci\u00f3 como su principal referente. Despu\u00e9s de la disoluci\u00f3n de 1989, tambi\u00e9n desarroll\u00f3 proyectos propios y particip\u00f3 en colaboraciones con m\u00fasicos de distintas generaciones, antes de continuar su camino como solista.<\/p>\n<p>En ese per\u00edodo lleg\u00f3 a registrar dos discos, uno de ellos producido por Pedro Aznar, aunque el material permaneci\u00f3 in\u00e9dito durante a\u00f1os hasta 2011, cuando finalmente vio la luz &#8220;No lo s\u00e9, suerte quiz\u00e1s&#8221;. La falta de respuestas de la industria lo llev\u00f3 a alejarse de la m\u00fasica durante un tiempo, aunque particip\u00f3 en trabajos de artistas como Man Ray, Los Aut\u00e9nticos Decadentes, Los Pericos, Bersuit Vergarabat y Mariano Mores.<\/p>\n<p>Su v\u00ednculo con otros referentes del rock argentino tambi\u00e9n qued\u00f3 plasmado en la Ray Milland Band, un proyecto de 1985 que reuni\u00f3 a Zavaleta con Andr\u00e9s Calamaro, Daniel Melingo y Pipo Cipolatti en las voces, mientras Charly Garc\u00eda, Pedro Aznar, Gustavo Don\u00e9s, Gringui Herrera y Pablo Guadalupe conformaban la banda de acompa\u00f1amiento. La experiencia fue breve y tuvo una \u00fanica presentaci\u00f3n televisiva, en \u201cBad\u00eda y C\u00eda.\u201d.<\/p>\n<p>Zavaleta volvi\u00f3 a poner a Su\u00e9ter en el centro de su carrera durante los a\u00f1os 90 y en 1995 public\u00f3 \u201cSu\u00e9ter 5\u201d, producido junto a Andr\u00e9s Calamaro, que adem\u00e1s particip\u00f3 en una nueva versi\u00f3n de \u201cExtra\u00f1o ser\u201d. El \u00e1lbum tuvo tambi\u00e9n un componente personal y social: el artista explic\u00f3 que estaba dedicado a las personas seropositivas y que \u201cDesvanecidos\u201d estaba vinculada con amigos que hab\u00edan muerto a causa del sida.<\/p>\n<p>En paralelo, el m\u00fasico mantuvo durante d\u00e9cadas una actividad intermitente hasta retomar Su\u00e9ter junto a Jorge Minissale en 2023, despu\u00e9s de 16 a\u00f1os desde la \u00faltima separaci\u00f3n. Para el regreso de 2024 public\u00f3, el trabajao cont\u00f3 con nuevas versiones de sus canciones junto a m\u00fasicos invitados.<\/p>\n<p>Antes del salto a la popularidad, el artista mantuvo v\u00ednculos con algunos de los principales nombres del rock argentino. En una entrevista record\u00f3 que Luis Alberto Spinetta lo hab\u00eda llamado personalmente despu\u00e9s de escuchar una de sus primeras composiciones para Su\u00e9ter y que le hab\u00eda dicho que el tema era \u201cmuy bueno\u201d.<\/p>\n<p>El recorrido musical del int\u00e9rprete comenz\u00f3 en los a\u00f1os 70. Era sobrino del pianista de jazz Enrique \u201cMono\u201d Villegas. De chico estuvo ligado a la m\u00fasica y, aunque inicialmente escuchaba folklore, descubri\u00f3 el rock durante su adolescencia, cuando asisti\u00f3 por casualidad a un festival de m\u00fasica beat.<\/p>\n<p>A los 21 a\u00f1os debut\u00f3 con Bubu, una banda de rock progresivo y sinf\u00f3nico que combinaba m\u00fasica con una marcada puesta teatral. El grupo se present\u00f3 por primera vez en 1976 en el Teatro Del Globo.<\/p>\n<p>Despu\u00e9s de su salida del conjunto, viaj\u00f3 a Europa y pas\u00f3 un per\u00edodo en Ibiza junto a otros m\u00fasicos argentinos. A su regreso al pa\u00eds, en 1981, abandon\u00f3 los estudios de Abogac\u00eda y arm\u00f3 Su\u00e9ter. Antes de consolidarse con la banda tambi\u00e9n hab\u00eda trabajado como cadete de la revista \u201cPelo\u201d.<\/p>\n","protected":false},"excerpt":{"rendered":"<p>El m\u00fasico y compositor luch\u00f3 contra un c\u00e1ncer, seg\u00fan confirm\u00f3 su c\u00edrculo \u00edntimo. El recorrido musical del int\u00e9rprete comenz\u00f3 en los a\u00f1os 70. Era sobrino del pianista de jazz Enrique \u201cMono\u201d Villegas. De chico estuvo ligado a la m\u00fasica y, aunque inicialmente escuchaba folklore, descubri\u00f3 el rock durante su adolescencia, cuando asisti\u00f3 por casualidad a [&hellip;]<\/p>\n","protected":false},"author":2,"featured_media":13824,"comment_status":"open","ping_status":"open","sticky":false,"template":"","format":"standard","meta":{"footnotes":""},"categories":[86],"tags":[],"class_list":["post-13821","post","type-post","status-publish","format-standard","has-post-thumbnail","category-espectaculo"],"_links":{"self":[{"href":"https:\/\/radiokissnoticias.com.ar\/web\/wp-json\/wp\/v2\/posts\/13821","targetHints":{"allow":["GET"]}}],"collection":[{"href":"https:\/\/radiokissnoticias.com.ar\/web\/wp-json\/wp\/v2\/posts"}],"about":[{"href":"https:\/\/radiokissnoticias.com.ar\/web\/wp-json\/wp\/v2\/types\/post"}],"author":[{"embeddable":true,"href":"https:\/\/radiokissnoticias.com.ar\/web\/wp-json\/wp\/v2\/users\/2"}],"replies":[{"embeddable":true,"href":"https:\/\/radiokissnoticias.com.ar\/web\/wp-json\/wp\/v2\/comments?post=13821"}],"version-history":[{"count":2,"href":"https:\/\/radiokissnoticias.com.ar\/web\/wp-json\/wp\/v2\/posts\/13821\/revisions"}],"predecessor-version":[{"id":13825,"href":"https:\/\/radiokissnoticias.com.ar\/web\/wp-json\/wp\/v2\/posts\/13821\/revisions\/13825"}],"wp:featuredmedia":[{"embeddable":true,"href":"https:\/\/radiokissnoticias.com.ar\/web\/wp-json\/wp\/v2\/media\/13824"}],"wp:attachment":[{"href":"https:\/\/radiokissnoticias.com.ar\/web\/wp-json\/wp\/v2\/media?parent=13821"}],"wp:term":[{"taxonomy":"category","embeddable":true,"href":"https:\/\/radiokissnoticias.com.ar\/web\/wp-json\/wp\/v2\/categories?post=13821"},{"taxonomy":"post_tag","embeddable":true,"href":"https:\/\/radiokissnoticias.com.ar\/web\/wp-json\/wp\/v2\/tags?post=13821"}],"curies":[{"name":"wp","href":"https:\/\/api.w.org\/{rel}","templated":true}]}}