{"id":13812,"date":"2026-08-31T15:03:37","date_gmt":"2026-08-31T18:03:37","guid":{"rendered":"https:\/\/radiokissnoticias.com.ar\/web\/?p=13812"},"modified":"2026-08-31T15:23:29","modified_gmt":"2026-08-31T18:23:29","slug":"lionel-messi-anuncio-que-se-retira-de-la-seleccion-argentina-es-una-decision-que-me-duele-pero-no-tengo-nada-mas-para-dar","status":"publish","type":"post","link":"https:\/\/radiokissnoticias.com.ar\/web\/2026\/08\/31\/lionel-messi-anuncio-que-se-retira-de-la-seleccion-argentina-es-una-decision-que-me-duele-pero-no-tengo-nada-mas-para-dar\/","title":{"rendered":"Lionel Messi anunci\u00f3 que se retira de la Selecci\u00f3n argentina: \u201cEs una decisi\u00f3n que me duele, pero no tengo nada m\u00e1s para dar\u201d"},"content":{"rendered":"<p>El crack rosarino public\u00f3 un sentido posteo en su cuenta de Instagram. \u201cMe voy con la tranquilidad y el orgullo de haberles regalado momentos so\u00f1ados\u201d, indic\u00f3.<\/p>\n<p>En un emotivo posteo en sus redes sociales, Lionel Messi anunci\u00f3 su retiro de la Selecci\u00f3n argentina tras casi dos d\u00e9cadas en donde rompi\u00f3 todos los r\u00e9cords. \u201cDespu\u00e9s de este tiempo que pas\u00f3 desde la final, pens\u00e1ndolo mucho, quiero comunicarles a todos que me retiro de la Selecci\u00f3n\u201d, indic\u00f3 el capit\u00e1n albiceleste.<\/p>\n<p>En su carta de despedida, el astro rosarino no ocult\u00f3 el dolor que le provoc\u00f3 tomar la determinaci\u00f3n: \u201cFue una decisi\u00f3n que doli\u00f3 y duele en el alma pero entiendo que es el momento. Les juro que siempre dej\u00e9 todo, no solo los \u00faltimos a\u00f1os que se gan\u00f3 todo, antes tambi\u00e9n. Siempre pele\u00e9 y me dej\u00e9 todo por esta camiseta\u201d, remarc\u00f3.<\/p>\n<p>El \u201910\u2032 explic\u00f3 que el desgaste f\u00edsico y el recambio generacional fueron factores determinantes para dar un paso al costado. \u201cQueda poco y se van cerrando etapas. Amo, am\u00e9 y amar\u00e9 siempre estar en la Selecci\u00f3n. Me vaci\u00e9, ya no tengo m\u00e1s para dar y aparte vienen chicos muy grandes atr\u00e1s que merecen estar\u201d, confes\u00f3 la leyenda de 39 a\u00f1os.<\/p>\n<p>A la hora de dirigirse a la hinchada, la \u2018Pulga\u2019 dej\u00f3 en claro que su v\u00ednculo con el p\u00fablico nacional seguir\u00e1 intacto desde otro rol. \u201cGracias por todo el cari\u00f1o de estos 20 a\u00f1os. Voy a extra\u00f1ar mucho escucharlos desde adentro. Ahora voy a ser uno m\u00e1s de ustedes, alentando y bancando siempre desde afuera, en las buenas y en las malas\u201d, expres\u00f3.<\/p>\n<p>El capit\u00e1n tambi\u00e9n dedic\u00f3 un p\u00e1rrafo especial para su entorno m\u00e1s cercano y para quienes lo acompa\u00f1aron a lo largo de este viaje en el predio de Ezeiza. \u201cGracias a mi familia por estar siempre, por acompa\u00f1arme en este viaje tan hermoso pero dif\u00edcil. Gracias a cada uno de los entrenadores, compa\u00f1eros y dirigentes con los que me toc\u00f3 compartir\u201d, a\u00f1adi\u00f3.<\/p>\n<p>Respecto al legado obtenido, el rosarino se mostr\u00f3 en paz por haber alcanzado la cima del deporte. \u201cMe voy con la tranquilidad y el orgullo de haberles regalado, junto con mis compa\u00f1eros, momentos so\u00f1ados. Fue una locura haberlo vivido con ustedes. \u00a1Los quiero! Gracias Dios por hacerme argentino\u201d, manifest\u00f3.<\/p>\n<p>Para finalizar, Messi revel\u00f3 que el texto hab\u00eda sido redactado tiempo atr\u00e1s y que un reciente golpe familiar aceler\u00f3 la confirmaci\u00f3n de la noticia. \u201cEstas palabras las escrib\u00ed el 21 de julio, dos d\u00edas despu\u00e9s de la final. Hoy, despu\u00e9s de lo de mi pap\u00e1, estoy m\u00e1s convencido que antes\u201d, cerr\u00f3, baj\u00e1ndole el tel\u00f3n a la etapa m\u00e1s grandiosa en la historia de la Selecci\u00f3n Argentina.<\/p>\n<p>El posteo completo<\/p>\n<p>Despu\u00e9s de este tiempo que pas\u00f3 desde la final, pens\u00e1ndolo mucho, quiero comunicarles a todos que me retiro de la Selecci\u00f3n\u2026<\/p>\n<p>Fue una decisi\u00f3n que doli\u00f3 y duele en el alma pero entiendo que es el momento. Les juro que siempre dej\u00e9 todo, no solo los \u00faltimos a\u00f1os que se gan\u00f3 todo antes tambi\u00e9n y siempre pele\u00e9 y me dej\u00e9 todo por esta camiseta, por darles alegr\u00edas y hacer que se sientan orgullosos de ser argentinos a trav\u00e9s del f\u00fatbol.<\/p>\n<p>Queda poco y se van cerrando etapas y esta es una que me duele mucho. Amo, am\u00e9 y amar\u00e9 siempre estar en la Selecci\u00f3n. Me vaci\u00e9, ya no tengo m\u00e1s para dar y aparte vienen chicos muy grandes atr\u00e1s que merecen estar.<\/p>\n<p>Gracias por todo el cari\u00f1o de estos 20 a\u00f1os. Voy a extra\u00f1ar mucho escucharlos desde adentro. Ahora voy a ser uno m\u00e1s de ustedes, alentando y bancando siempre desde afuera (en las buenas y en las malas, mucho m\u00e1s).<\/p>\n<p>Gracias a mi familia por estar siempre, por acompa\u00f1arme en este viaje tan hermoso pero dif\u00edcil. Gracias a cada uno de entrenadores, compa\u00f1eros y dirigentes que me toc\u00f3 compartir. Me llevo recuerdos y momentos inolvidables vividos.<\/p>\n<p>Me voy con la tranquilidad y el orgullo de haberles regalado, juntos con mis compa\u00f1eros, momentos so\u00f1ados. Fue una locura haberlo vivido con ustedes. \u00a1Los quiero!<\/p>\n<p>Gracias Dios por hacerme argentino.<\/p>\n<p>\u00a1Vamos Argentina!<\/p>\n<p>*Estas palabras las escrib\u00ed el 21 de julio, dos d\u00edas despu\u00e9s de la final. Hoy despu\u00e9s de lo de mi pap\u00e1, estoy m\u00e1s convencido que antes.<\/p>\n","protected":false},"excerpt":{"rendered":"<p>El crack rosarino public\u00f3 un sentido posteo en su cuenta de Instagram. \u201cMe voy con la tranquilidad y el orgullo de haberles regalado momentos so\u00f1ados\u201d, indic\u00f3. En un emotivo posteo en sus redes sociales, Lionel Messi anunci\u00f3 su retiro de la Selecci\u00f3n argentina tras casi dos d\u00e9cadas en donde rompi\u00f3 todos los r\u00e9cords. \u201cDespu\u00e9s de [&hellip;]<\/p>\n","protected":false},"author":2,"featured_media":13817,"comment_status":"open","ping_status":"open","sticky":false,"template":"","format":"standard","meta":{"footnotes":""},"categories":[83],"tags":[],"class_list":["post-13812","post","type-post","status-publish","format-standard","has-post-thumbnail","category-deporte"],"_links":{"self":[{"href":"https:\/\/radiokissnoticias.com.ar\/web\/wp-json\/wp\/v2\/posts\/13812","targetHints":{"allow":["GET"]}}],"collection":[{"href":"https:\/\/radiokissnoticias.com.ar\/web\/wp-json\/wp\/v2\/posts"}],"about":[{"href":"https:\/\/radiokissnoticias.com.ar\/web\/wp-json\/wp\/v2\/types\/post"}],"author":[{"embeddable":true,"href":"https:\/\/radiokissnoticias.com.ar\/web\/wp-json\/wp\/v2\/users\/2"}],"replies":[{"embeddable":true,"href":"https:\/\/radiokissnoticias.com.ar\/web\/wp-json\/wp\/v2\/comments?post=13812"}],"version-history":[{"count":1,"href":"https:\/\/radiokissnoticias.com.ar\/web\/wp-json\/wp\/v2\/posts\/13812\/revisions"}],"predecessor-version":[{"id":13814,"href":"https:\/\/radiokissnoticias.com.ar\/web\/wp-json\/wp\/v2\/posts\/13812\/revisions\/13814"}],"wp:featuredmedia":[{"embeddable":true,"href":"https:\/\/radiokissnoticias.com.ar\/web\/wp-json\/wp\/v2\/media\/13817"}],"wp:attachment":[{"href":"https:\/\/radiokissnoticias.com.ar\/web\/wp-json\/wp\/v2\/media?parent=13812"}],"wp:term":[{"taxonomy":"category","embeddable":true,"href":"https:\/\/radiokissnoticias.com.ar\/web\/wp-json\/wp\/v2\/categories?post=13812"},{"taxonomy":"post_tag","embeddable":true,"href":"https:\/\/radiokissnoticias.com.ar\/web\/wp-json\/wp\/v2\/tags?post=13812"}],"curies":[{"name":"wp","href":"https:\/\/api.w.org\/{rel}","templated":true}]}}