{"id":13808,"date":"2026-08-31T15:02:14","date_gmt":"2026-08-31T18:02:14","guid":{"rendered":"https:\/\/radiokissnoticias.com.ar\/web\/?p=13808"},"modified":"2026-08-31T15:02:14","modified_gmt":"2026-08-31T18:02:14","slug":"ante-una-multitud-brillante-actuacion-de-karina-en-la-inauguracion-de-espacio-guajo-en-corrientes","status":"publish","type":"post","link":"https:\/\/radiokissnoticias.com.ar\/web\/2026\/08\/31\/ante-una-multitud-brillante-actuacion-de-karina-en-la-inauguracion-de-espacio-guajo-en-corrientes\/","title":{"rendered":"ANTE UNA MULTITUD: Brillante actuaci\u00f3n de Karina en la inauguraci\u00f3n de Espacio Guaj\u00f3 en Corrientes"},"content":{"rendered":"<p><img decoding=\"async\" src=\"https:\/\/www.powernoticias.com\/images\/202608311506361769\" \/><\/p>\n<p><img decoding=\"async\" src=\"https:\/\/www.powernoticias.com\/images\/202608311506257913\" \/><\/p>\n<p><img decoding=\"async\" src=\"https:\/\/www.powernoticias.com\/images\/202608311506187535\" \/><\/p>\n<p><img decoding=\"async\" src=\"https:\/\/www.powernoticias.com\/images\/202608311506119805\" \/><\/p>\n<p><img decoding=\"async\" src=\"https:\/\/www.powernoticias.com\/images\/202608311506052835\" \/><\/p>\n<p>Karina \u201cLa Princesita\u201d fue la gran protagonista de una noche inolvidable en la Costanera Sur de Corrientes, que tambi\u00e9n cont\u00f3 con la participaci\u00f3n de G-Latina, Mauri y El Arranke. Fuegos artificiales coronaron una jornada que marc\u00f3 el inicio de una nueva propuesta para grandes eventos en la ciudad de Corrientes.<\/p>\n<p>Con una multitud, qued\u00f3 formalmente inaugurado el nuevo Espacio Guaj\u00f3, un moderno escenario destinado a grandes eventos sociales, corporativos, espect\u00e1culos y producciones de gran convocatoria en la ciudad de Corrientes.<\/p>\n<p>La noche del s\u00e1bado 29 de agosto se convirti\u00f3 en una verdadera celebraci\u00f3n, con una destacada propuesta musical, desde el corte de cintas a cargo de los responsables del nuevo predio, dejando abertas las puertas para que los espectadores comiencen a llenar el recinto. Que tuvo como protagonistas a G-Latina, Mauri y El Arranke, antre otros como ser el grupo de biale Expresarte de Resistencia, Chaco y DJ\u2019s invitados como ser Mat\u00edas Nu\u00f1ez y que alcanz\u00f3 su punto culminante con la presentaci\u00f3n de Karina \u201cLa Princesita\u201d, quien brind\u00f3 un espect\u00e1culo de primer nivel ante miles de fan\u00e1ticas que llegaron desde distintos puntos de la ciudad y de la regi\u00f3n.<\/p>\n<p>Desde las primeras horas de la noche, el p\u00fablico comenz\u00f3 a acercarse a los accesos de Espacio Guaj\u00f3. Con el correr de las horas, la convocatoria fue creciendo hasta colmar las instalaciones del nuevo espacio ubicado en la zona de Costanera Sur, convirtiendo su inauguraci\u00f3n en uno de los acontecimientos sociales y musicales destacados del fin de semana.<\/p>\n<p>La propuesta estuvo acompa\u00f1ada por una cuidada puesta en escena y una programaci\u00f3n pensada para disfrutar de una noche de celebraci\u00f3n. Los diferentes artistas que subieron al escenario fueron preparando el clima para el gran momento de la jornada: la esperada actuaci\u00f3n de Karina.<\/p>\n<p>La llegada de la reconocida cantante gener\u00f3 una enorme expectativa entre sus seguidores. Desde el escenario, Karina despleg\u00f3 todo su repertorio y su habitual carisma, con sus cl\u00e1sicos, logrando una inmediata conexi\u00f3n con el p\u00fablico, que acompa\u00f1\u00f3 cada una de sus canciones y convirti\u00f3 el recital en una verdadera fiesta.<\/p>\n<p>La jornada cont\u00f3 con la destacada conducci\u00f3n del periodista y conductor Christian \u201cPokemon\u201d Fern\u00e1ndez, qui\u00e9n interactu\u00f3 con los espectadores e hizo participar al p\u00fablico, a lo largo de la noche ante los artistas.<\/p>\n<p>Miles de fan\u00e1ticas y fan\u00e1ticos tambi\u00e9n disfrutaron de una presentaci\u00f3n que se extendi\u00f3 durante la noche y que tuvo todos los ingredientes de un gran espect\u00e1culo. M\u00fasica, emoci\u00f3n y una multitud reunida fueron el marco elegido para darle la bienvenida a este nuevo espacio de eventos de Corrientes.<\/p>\n<p>Un cierre a la altura de una noche especial<\/p>\n<p>El broche de oro lleg\u00f3 con un espectacular show de fuegos artificiales, que ilumin\u00f3 el cielo de la Costanera Sur y marc\u00f3 el cierre de una jornada que quedar\u00e1 como el punto de partida de Espacio Guaj\u00f3.<br \/>\nLa inauguraci\u00f3n dej\u00f3 as\u00ed una primera muestra de la capacidad del nuevo espacio para albergar grandes convocatorias y propuestas de primer nivel, consolid\u00e1ndose desde su apertura como una nueva alternativa para espect\u00e1culos, celebraciones, eventos sociales y encuentros corporativos.<\/p>\n<p>Con una convocatoria multitudinaria y una noche protagonizada por destacados artistas, Espacio Guaj\u00f3 abri\u00f3 oficialmente sus puertas con una celebraci\u00f3n que super\u00f3 las expectativas y que convirti\u00f3 a la Costanera Sur en el escenario de una verdadera fiesta correntina. Una nueva propuesta que jerarquiza la Costanera Sur<\/p>\n<p>Adem\u00e1s del impacto generado por la multitudinaria inauguraci\u00f3n, la llegada de Espacio Guaj\u00f3 representa una nueva incorporaci\u00f3n a la infraestructura de la ciudad y aporta una propuesta de gran escala a la zona de la Costanera Sur. La puesta en funcionamiento de este nuevo espacio contribuye a embellecer y jerarquizar uno de los sectores m\u00e1s emblem\u00e1ticos de Corrientes, incorporando una moderna infraestructura preparada para recibir espect\u00e1culos, eventos sociales, celebraciones y encuentros de gran convocatoria.<\/p>\n<p>De esta manera, la inauguraci\u00f3n no solo signific\u00f3 el comienzo de una nueva propuesta para el p\u00fablico correntino, fortaleciendo la oferta de espacios destinados a grandes acontecimientos y acompa\u00f1ando el crecimiento y la transformaci\u00f3n de esta zona de la ciudad<\/p>\n","protected":false},"excerpt":{"rendered":"<p>Karina \u201cLa Princesita\u201d fue la gran protagonista de una noche inolvidable en la Costanera Sur de Corrientes, que tambi\u00e9n cont\u00f3 con la participaci\u00f3n de G-Latina, Mauri y El Arranke. Fuegos artificiales coronaron una jornada que marc\u00f3 el inicio de una nueva propuesta para grandes eventos en la ciudad de Corrientes. Con una multitud, qued\u00f3 formalmente [&hellip;]<\/p>\n","protected":false},"author":2,"featured_media":13809,"comment_status":"open","ping_status":"open","sticky":false,"template":"","format":"standard","meta":{"footnotes":""},"categories":[79],"tags":[],"class_list":["post-13808","post","type-post","status-publish","format-standard","has-post-thumbnail","category-provincia"],"_links":{"self":[{"href":"https:\/\/radiokissnoticias.com.ar\/web\/wp-json\/wp\/v2\/posts\/13808","targetHints":{"allow":["GET"]}}],"collection":[{"href":"https:\/\/radiokissnoticias.com.ar\/web\/wp-json\/wp\/v2\/posts"}],"about":[{"href":"https:\/\/radiokissnoticias.com.ar\/web\/wp-json\/wp\/v2\/types\/post"}],"author":[{"embeddable":true,"href":"https:\/\/radiokissnoticias.com.ar\/web\/wp-json\/wp\/v2\/users\/2"}],"replies":[{"embeddable":true,"href":"https:\/\/radiokissnoticias.com.ar\/web\/wp-json\/wp\/v2\/comments?post=13808"}],"version-history":[{"count":2,"href":"https:\/\/radiokissnoticias.com.ar\/web\/wp-json\/wp\/v2\/posts\/13808\/revisions"}],"predecessor-version":[{"id":13811,"href":"https:\/\/radiokissnoticias.com.ar\/web\/wp-json\/wp\/v2\/posts\/13808\/revisions\/13811"}],"wp:featuredmedia":[{"embeddable":true,"href":"https:\/\/radiokissnoticias.com.ar\/web\/wp-json\/wp\/v2\/media\/13809"}],"wp:attachment":[{"href":"https:\/\/radiokissnoticias.com.ar\/web\/wp-json\/wp\/v2\/media?parent=13808"}],"wp:term":[{"taxonomy":"category","embeddable":true,"href":"https:\/\/radiokissnoticias.com.ar\/web\/wp-json\/wp\/v2\/categories?post=13808"},{"taxonomy":"post_tag","embeddable":true,"href":"https:\/\/radiokissnoticias.com.ar\/web\/wp-json\/wp\/v2\/tags?post=13808"}],"curies":[{"name":"wp","href":"https:\/\/api.w.org\/{rel}","templated":true}]}}