{"id":13802,"date":"2026-08-31T14:58:06","date_gmt":"2026-08-31T17:58:06","guid":{"rendered":"https:\/\/radiokissnoticias.com.ar\/web\/?p=13802"},"modified":"2026-08-31T14:58:06","modified_gmt":"2026-08-31T17:58:06","slug":"este-viernes-cierra-el-periodo-de-renovacion-de-carnet-para-tabacaleros","status":"publish","type":"post","link":"https:\/\/radiokissnoticias.com.ar\/web\/2026\/08\/31\/este-viernes-cierra-el-periodo-de-renovacion-de-carnet-para-tabacaleros\/","title":{"rendered":"Este viernes cierra el periodo de renovaci\u00f3n de carnet para tabacaleros"},"content":{"rendered":"<p>El Interventor del Instituto Provincial del Tabaco, Ingeniero Alejandro Correa recuerda que este viernes 4 de septiembre finaliza el periodo de renovaci\u00f3n de carnet y censo en el marco del inicio de la campa\u00f1a tabacalera 2026\/27, que comenz\u00f3 el 18 de agosto pasado, decenas de productores realizan el tr\u00e1mite en la sede del IPT. Los interesados deben solicitar turno, a trav\u00e9s de la l\u00ednea de WhatsApp del \u00e1rea de Producci\u00f3n del IPT 3777 \u2013 643937.<\/p>\n<p><b>Requisitos:<\/b><\/p>\n<p>Carnet de la campa\u00f1a anterior, o constancia de extrav\u00edo, una fotocopia del DNI, correo electr\u00f3nico o celular, Fucosa, constancia de inscripci\u00f3n ARCA, N\u00b0 RENSPA. Certificado de domicilio, cupo.<\/p>\n","protected":false},"excerpt":{"rendered":"<p>El Interventor del Instituto Provincial del Tabaco, Ingeniero Alejandro Correa recuerda que este viernes 4 de septiembre finaliza el periodo de renovaci\u00f3n de carnet y censo en el marco del inicio de la campa\u00f1a tabacalera 2026\/27, que comenz\u00f3 el 18 de agosto pasado, decenas de productores realizan el tr\u00e1mite en la sede del IPT. Los [&hellip;]<\/p>\n","protected":false},"author":2,"featured_media":13803,"comment_status":"open","ping_status":"open","sticky":false,"template":"","format":"standard","meta":{"footnotes":""},"categories":[77],"tags":[],"class_list":["post-13802","post","type-post","status-publish","format-standard","has-post-thumbnail","category-local"],"_links":{"self":[{"href":"https:\/\/radiokissnoticias.com.ar\/web\/wp-json\/wp\/v2\/posts\/13802","targetHints":{"allow":["GET"]}}],"collection":[{"href":"https:\/\/radiokissnoticias.com.ar\/web\/wp-json\/wp\/v2\/posts"}],"about":[{"href":"https:\/\/radiokissnoticias.com.ar\/web\/wp-json\/wp\/v2\/types\/post"}],"author":[{"embeddable":true,"href":"https:\/\/radiokissnoticias.com.ar\/web\/wp-json\/wp\/v2\/users\/2"}],"replies":[{"embeddable":true,"href":"https:\/\/radiokissnoticias.com.ar\/web\/wp-json\/wp\/v2\/comments?post=13802"}],"version-history":[{"count":1,"href":"https:\/\/radiokissnoticias.com.ar\/web\/wp-json\/wp\/v2\/posts\/13802\/revisions"}],"predecessor-version":[{"id":13804,"href":"https:\/\/radiokissnoticias.com.ar\/web\/wp-json\/wp\/v2\/posts\/13802\/revisions\/13804"}],"wp:featuredmedia":[{"embeddable":true,"href":"https:\/\/radiokissnoticias.com.ar\/web\/wp-json\/wp\/v2\/media\/13803"}],"wp:attachment":[{"href":"https:\/\/radiokissnoticias.com.ar\/web\/wp-json\/wp\/v2\/media?parent=13802"}],"wp:term":[{"taxonomy":"category","embeddable":true,"href":"https:\/\/radiokissnoticias.com.ar\/web\/wp-json\/wp\/v2\/categories?post=13802"},{"taxonomy":"post_tag","embeddable":true,"href":"https:\/\/radiokissnoticias.com.ar\/web\/wp-json\/wp\/v2\/tags?post=13802"}],"curies":[{"name":"wp","href":"https:\/\/api.w.org\/{rel}","templated":true}]}}