{"id":13798,"date":"2026-08-31T14:54:35","date_gmt":"2026-08-31T17:54:35","guid":{"rendered":"https:\/\/radiokissnoticias.com.ar\/web\/?p=13798"},"modified":"2026-08-31T14:56:50","modified_gmt":"2026-08-31T17:56:50","slug":"el-gobierno-afirmo-que-la-morosidad-de-las-familias-empezo-a-bajar-y-cuestiono-los-proyectos-de-la-oposicio","status":"publish","type":"post","link":"https:\/\/radiokissnoticias.com.ar\/web\/2026\/08\/31\/el-gobierno-afirmo-que-la-morosidad-de-las-familias-empezo-a-bajar-y-cuestiono-los-proyectos-de-la-oposicio\/","title":{"rendered":"El Gobierno afirm\u00f3 que la morosidad de las familias empez\u00f3 a bajar y cuestion\u00f3 los proyectos de la oposici\u00f3"},"content":{"rendered":"<p>El presidente de la C\u00e1mara de Diputados, Mart\u00edn Menem, ratific\u00f3 que no intervendr\u00e1n en la situaci\u00f3n de las familias endeudadas. El oficialismo convoc\u00f3 a comisiones para esta semana para tratar de contrarrestar el pedido de sesi\u00f3n especial que hicieron m\u00e1s de 130 legisladores.<\/p>\n<p>Desde el Gobierno plantearon que empez\u00f3 a reducirse la morosidad de las familias y criticaron los proyectos que la oposici\u00f3n impulsa sobre el tema: \u201cBuscan desestabilizar la econom\u00eda\u201d. El presidente de la C\u00e1mara de Diputados, Mart\u00edn Menem, confirm\u00f3 que se mantendr\u00e1n al margen del conflicto: \u201cNo creemos que sea necesario que el Estado intervenga, cada vez que Estado, intervino en algo las cosas terminaron peor\u201d.<\/p>\n<p>El oficialismo convoc\u00f3 a comisiones para esta semana para analizar los proyectos de sobreendeudamiento familiar y la pr\u00f3rroga de la Ley de Emergencia en Discapacidad, en respuesta al pedido de sesi\u00f3n especial de la oposici\u00f3n para el 9 de septiembre, impulsado por m\u00e1s de 130 legisladores.<\/p>\n<p>Menem plante\u00f3 que \u201cla mora empez\u00f3 a bajar, es dato. Detr\u00e1s de algunas buenas intenciones est\u00e1 un sector de la pol\u00edtica tratando de buscar alg\u00fan efecto desestabilizador. Lo que se vot\u00f3 el otro d\u00eda, que por ah\u00ed envalentona a un sector, son apartamientos de reglamento para tratar temas\u201d.<\/p>\n<p>El oficialismo en Diputados movi\u00f3 r\u00e1pido despu\u00e9s de que la oposici\u00f3n reclamara una sesi\u00f3n especial para discutir el endeudamiento familiar. La Libertad Avanza cit\u00f3 a la comisi\u00f3n de Finanzas para el mi\u00e9rcoles que viene, en un intento de frenar la avanzada opositora y evitar que el tema llegue al recinto bajo sus t\u00e9rminos.<\/p>\n<p>\u201cVamos a tratar descomprimir algunas situaciones y que se vayan hablando en comisi\u00f3n\u201d, cont\u00f3 Menem en di\u00e1logo con Radio Rivadavia. \u201cEst\u00e1n buscando que tengamos alg\u00fan impacto del tipo fiscal para desestabilizar la econom\u00eda\u201d, analiz\u00f3.<\/p>\n<p>Con duras cr\u00edticas a los bloques que impulsan proyectos por la morosidad de las familias, el presidente de la C\u00e1mara de Diputados consider\u00f3: \u201cSaben que si la econom\u00eda sigue su curso sus posibilidades se van desvaneciendo en t\u00e9rminos electorales. No hay ninguna propuesta econ\u00f3mica del lado de enfrente\u201d.<\/p>\n<p>Menem cuestion\u00f3: \u201cCualquier situaci\u00f3n en lo que puedan romper algo, van a romper. Eso forma parte en general, y de fondo est\u00e1 el monstruo, los que gobernaron 20 a\u00f1os el pa\u00eds. Nosotros queremos ir para otro lado, tenemos herramientas para sostener lo que venimos planteando, veremos c\u00f3mo nos desenvolvemos en comisiones\u201d.<\/p>\n<p>El Gobierno ratific\u00f3 que no intervendr\u00e1n en la morosidad de las familias: \u201cNo creemos que sea necesario\u201d<\/p>\n<p>El dirigente libertario confirm\u00f3 que el Gobierno no va a intervenir en la problem\u00e1tica de la morosidad de las familias: \u201cNo creemos que sea necesario. Cada vez que el Estado intervino en algo las cosas terminaron peor\u201d.<\/p>\n<p>Menem mencion\u00f3 que \u201cdiferentes autoridades del Gobierno dijeron cu\u00e1l es el origen de todo esto. La suba de tasas, que haya un poco de mora, en t\u00e9rminos de PBI es insignificante al lado de la cantidad de pr\u00e9stamos que hay en otros pa\u00edses. La mayor\u00eda son montos peque\u00f1os con altas tasas, que se dispararon a partir de la especulaci\u00f3n que llevaron adelante otros sectores a partir de mayo del a\u00f1o pasado\u201d.<\/p>\n<p>El titular de la C\u00e1mara Baja dijo: \u201cEn ese momento la gente tuvo miedo, cay\u00f3 la demanda de dinero, muchos pesos se fueron a d\u00f3lares. Sumado a las LEFI, que eran una bomba de tiempo, la suba de encajes. Todo eso dispar\u00f3 restricciones al cr\u00e9dito y la suba de tasas, lo que gener\u00f3 un poco de mora. Pero esto se ir\u00e1 resolviendo, ya empez\u00f3 a bajar\u201d.<\/p>\n","protected":false},"excerpt":{"rendered":"<p>El presidente de la C\u00e1mara de Diputados, Mart\u00edn Menem, ratific\u00f3 que no intervendr\u00e1n en la situaci\u00f3n de las familias endeudadas. El oficialismo convoc\u00f3 a comisiones para esta semana para tratar de contrarrestar el pedido de sesi\u00f3n especial que hicieron m\u00e1s de 130 legisladores. Desde el Gobierno plantearon que empez\u00f3 a reducirse la morosidad de las [&hellip;]<\/p>\n","protected":false},"author":2,"featured_media":13801,"comment_status":"open","ping_status":"open","sticky":false,"template":"","format":"standard","meta":{"footnotes":""},"categories":[78],"tags":[],"class_list":["post-13798","post","type-post","status-publish","format-standard","has-post-thumbnail","category-nacional"],"_links":{"self":[{"href":"https:\/\/radiokissnoticias.com.ar\/web\/wp-json\/wp\/v2\/posts\/13798","targetHints":{"allow":["GET"]}}],"collection":[{"href":"https:\/\/radiokissnoticias.com.ar\/web\/wp-json\/wp\/v2\/posts"}],"about":[{"href":"https:\/\/radiokissnoticias.com.ar\/web\/wp-json\/wp\/v2\/types\/post"}],"author":[{"embeddable":true,"href":"https:\/\/radiokissnoticias.com.ar\/web\/wp-json\/wp\/v2\/users\/2"}],"replies":[{"embeddable":true,"href":"https:\/\/radiokissnoticias.com.ar\/web\/wp-json\/wp\/v2\/comments?post=13798"}],"version-history":[{"count":1,"href":"https:\/\/radiokissnoticias.com.ar\/web\/wp-json\/wp\/v2\/posts\/13798\/revisions"}],"predecessor-version":[{"id":13800,"href":"https:\/\/radiokissnoticias.com.ar\/web\/wp-json\/wp\/v2\/posts\/13798\/revisions\/13800"}],"wp:featuredmedia":[{"embeddable":true,"href":"https:\/\/radiokissnoticias.com.ar\/web\/wp-json\/wp\/v2\/media\/13801"}],"wp:attachment":[{"href":"https:\/\/radiokissnoticias.com.ar\/web\/wp-json\/wp\/v2\/media?parent=13798"}],"wp:term":[{"taxonomy":"category","embeddable":true,"href":"https:\/\/radiokissnoticias.com.ar\/web\/wp-json\/wp\/v2\/categories?post=13798"},{"taxonomy":"post_tag","embeddable":true,"href":"https:\/\/radiokissnoticias.com.ar\/web\/wp-json\/wp\/v2\/tags?post=13798"}],"curies":[{"name":"wp","href":"https:\/\/api.w.org\/{rel}","templated":true}]}}