{"id":13794,"date":"2026-08-31T13:32:17","date_gmt":"2026-08-31T16:32:17","guid":{"rendered":"https:\/\/radiokissnoticias.com.ar\/web\/?p=13794"},"modified":"2026-08-31T13:32:17","modified_gmt":"2026-08-31T16:32:17","slug":"se-reune-este-miercoles-en-sesion-ordinaria-el-hcd-de-goya","status":"publish","type":"post","link":"https:\/\/radiokissnoticias.com.ar\/web\/2026\/08\/31\/se-reune-este-miercoles-en-sesion-ordinaria-el-hcd-de-goya\/","title":{"rendered":"Se re\u00fane este mi\u00e9rcoles en Sesi\u00f3n Ordinaria el HCD de Goya"},"content":{"rendered":"<p>El Cuerpo Legislativo local volver\u00e1 a sesionar este mi\u00e9rcoles 2 de septiembre desde la hora 10,00. Desde la Presidencia se convoc\u00f3 a los concejales a una Sesi\u00f3n Ordinaria del HCD, en la que se tratar\u00e1n proyectos con despachos de comisi\u00f3n y otros que desde los distintos bloques se fueron presentando.<\/p>\n<div>La 15\u00b0 sesi\u00f3n ordinaria del a\u00f1o del Concejo Deliberante de Goya ser\u00e1 presidida por el titular de cuerpo, Sebasti\u00e1n Mazzaro, y en la oportunidad los concejales abordar\u00e1n el siguiente Orden de D\u00eda:<\/div>\n<div><\/div>\n<div>1\u00b0. Lectura y consideraci\u00f3n de las Actas N\u00b0 1.330.<\/div>\n<div><\/div>\n<div>2\u00ba. Comunicaciones oficiales \u2013 Despachos de Comisiones ingresados \u2013 Notas particulares recibidas.<\/div>\n<div><\/div>\n<div>3\u00ba. Proyectos presentados en Secretar\u00eda.<\/div>\n<div><\/div>\n<div>4\u00b0. Proyecto de Resoluci\u00f3n c\/despachos de comisi\u00f3n archivando los Expedientes N\u00b0 3.332\/24 del H.C.D. (s\/ Solicitar al D.E.M. se\u00f1alizaci\u00f3n de nombres y altura de la calle del Barrio Mauricio Valenzuela), N\u00b0 3.333\/24 del H.C.D. (s\/ Solicitar al D.E.M. colocaci\u00f3n de cartel identificatorio en el Barrio 17 de Agosto- 50 Viviendas), N\u00b0 3.356\/24 del H.C.D. (s\/Pedido informe delegaci\u00f3n zona IV Goya de vialidad provincial acerca de las acciones previstas para el arreglo, mejora y obras necesarias en caminos de nuestra zona rural).<\/div>\n<div><\/div>\n<div>Libre uso de la palabra<\/div>\n","protected":false},"excerpt":{"rendered":"<p>El Cuerpo Legislativo local volver\u00e1 a sesionar este mi\u00e9rcoles 2 de septiembre desde la hora 10,00. Desde la Presidencia se convoc\u00f3 a los concejales a una Sesi\u00f3n Ordinaria del HCD, en la que se tratar\u00e1n proyectos con despachos de comisi\u00f3n y otros que desde los distintos bloques se fueron presentando. La 15\u00b0 sesi\u00f3n ordinaria del [&hellip;]<\/p>\n","protected":false},"author":2,"featured_media":13795,"comment_status":"open","ping_status":"open","sticky":false,"template":"","format":"standard","meta":{"footnotes":""},"categories":[77],"tags":[],"class_list":["post-13794","post","type-post","status-publish","format-standard","has-post-thumbnail","category-local"],"_links":{"self":[{"href":"https:\/\/radiokissnoticias.com.ar\/web\/wp-json\/wp\/v2\/posts\/13794","targetHints":{"allow":["GET"]}}],"collection":[{"href":"https:\/\/radiokissnoticias.com.ar\/web\/wp-json\/wp\/v2\/posts"}],"about":[{"href":"https:\/\/radiokissnoticias.com.ar\/web\/wp-json\/wp\/v2\/types\/post"}],"author":[{"embeddable":true,"href":"https:\/\/radiokissnoticias.com.ar\/web\/wp-json\/wp\/v2\/users\/2"}],"replies":[{"embeddable":true,"href":"https:\/\/radiokissnoticias.com.ar\/web\/wp-json\/wp\/v2\/comments?post=13794"}],"version-history":[{"count":2,"href":"https:\/\/radiokissnoticias.com.ar\/web\/wp-json\/wp\/v2\/posts\/13794\/revisions"}],"predecessor-version":[{"id":13797,"href":"https:\/\/radiokissnoticias.com.ar\/web\/wp-json\/wp\/v2\/posts\/13794\/revisions\/13797"}],"wp:featuredmedia":[{"embeddable":true,"href":"https:\/\/radiokissnoticias.com.ar\/web\/wp-json\/wp\/v2\/media\/13795"}],"wp:attachment":[{"href":"https:\/\/radiokissnoticias.com.ar\/web\/wp-json\/wp\/v2\/media?parent=13794"}],"wp:term":[{"taxonomy":"category","embeddable":true,"href":"https:\/\/radiokissnoticias.com.ar\/web\/wp-json\/wp\/v2\/categories?post=13794"},{"taxonomy":"post_tag","embeddable":true,"href":"https:\/\/radiokissnoticias.com.ar\/web\/wp-json\/wp\/v2\/tags?post=13794"}],"curies":[{"name":"wp","href":"https:\/\/api.w.org\/{rel}","templated":true}]}}