{"id":13790,"date":"2026-08-31T13:02:52","date_gmt":"2026-08-31T16:02:52","guid":{"rendered":"https:\/\/radiokissnoticias.com.ar\/web\/?p=13790"},"modified":"2026-08-31T13:02:52","modified_gmt":"2026-08-31T16:02:52","slug":"el-gobierno-oficializo-aumentos-para-estatales-y-un-pago-extraordinario-de-80-000","status":"publish","type":"post","link":"https:\/\/radiokissnoticias.com.ar\/web\/2026\/08\/31\/el-gobierno-oficializo-aumentos-para-estatales-y-un-pago-extraordinario-de-80-000\/","title":{"rendered":"El Gobierno oficializ\u00f3 aumentos para estatales y un pago extraordinario de $80.000"},"content":{"rendered":"<p>Las subas se aplicar\u00e1n en cuatro tramos entre septiembre y diciembre, mientras que la suma fija se abonar\u00e1 con los haberes del \u00faltimo mes del a\u00f1o.<\/p>\n<p>El Gobierno nacional oficializ\u00f3 cuatro aumentos salariales para los trabajadores de la Administraci\u00f3n P\u00fablica Nacional y el pago extraordinario de una suma fija de $80.000 en diciembre.<\/p>\n<p>La medida qued\u00f3 establecida mediante el Decreto 832\/2026, publicado este lunes en el Bolet\u00edn Oficial, que homolog\u00f3 el acuerdo alcanzado en la comisi\u00f3n negociadora del Convenio Colectivo de Trabajo General para la Administraci\u00f3n P\u00fablica Nacional.<\/p>\n<p>El esquema contempla incrementos acumulativos del 1,9% desde septiembre, 1,8% desde octubre, 1,6% desde noviembre y 1,5% desde diciembre. Cada porcentaje se calcular\u00e1 sobre las remuneraciones vigentes durante el mes anterior.<\/p>\n<p>Adem\u00e1s, los agentes recibir\u00e1n en diciembre una suma fija de $80.000, de car\u00e1cter remunerativo y no bonificable, que ser\u00e1 abonada por \u00fanica vez y por persona.<\/p>\n<p>El pago extraordinario alcanzar\u00e1 al personal permanente y no permanente comprendido en el convenio general de la Administraci\u00f3n P\u00fablica Nacional.<\/p>\n<p>La norma tambi\u00e9n prorrog\u00f3 hasta el 31 de diciembre de 2026 el Premio Est\u00edmulo a la Asistencia, un adicional vinculado al presentismo de los empleados estatales.<\/p>\n<p>El decreto lleva las firmas del presidente Javier Milei, el jefe de Gabinete y los ministros nacionales correspondientes.<\/p>\n","protected":false},"excerpt":{"rendered":"<p>Las subas se aplicar\u00e1n en cuatro tramos entre septiembre y diciembre, mientras que la suma fija se abonar\u00e1 con los haberes del \u00faltimo mes del a\u00f1o. El Gobierno nacional oficializ\u00f3 cuatro aumentos salariales para los trabajadores de la Administraci\u00f3n P\u00fablica Nacional y el pago extraordinario de una suma fija de $80.000 en diciembre. La medida [&hellip;]<\/p>\n","protected":false},"author":2,"featured_media":13792,"comment_status":"open","ping_status":"open","sticky":false,"template":"","format":"standard","meta":{"footnotes":""},"categories":[78],"tags":[],"class_list":["post-13790","post","type-post","status-publish","format-standard","has-post-thumbnail","category-nacional"],"_links":{"self":[{"href":"https:\/\/radiokissnoticias.com.ar\/web\/wp-json\/wp\/v2\/posts\/13790","targetHints":{"allow":["GET"]}}],"collection":[{"href":"https:\/\/radiokissnoticias.com.ar\/web\/wp-json\/wp\/v2\/posts"}],"about":[{"href":"https:\/\/radiokissnoticias.com.ar\/web\/wp-json\/wp\/v2\/types\/post"}],"author":[{"embeddable":true,"href":"https:\/\/radiokissnoticias.com.ar\/web\/wp-json\/wp\/v2\/users\/2"}],"replies":[{"embeddable":true,"href":"https:\/\/radiokissnoticias.com.ar\/web\/wp-json\/wp\/v2\/comments?post=13790"}],"version-history":[{"count":1,"href":"https:\/\/radiokissnoticias.com.ar\/web\/wp-json\/wp\/v2\/posts\/13790\/revisions"}],"predecessor-version":[{"id":13793,"href":"https:\/\/radiokissnoticias.com.ar\/web\/wp-json\/wp\/v2\/posts\/13790\/revisions\/13793"}],"wp:featuredmedia":[{"embeddable":true,"href":"https:\/\/radiokissnoticias.com.ar\/web\/wp-json\/wp\/v2\/media\/13792"}],"wp:attachment":[{"href":"https:\/\/radiokissnoticias.com.ar\/web\/wp-json\/wp\/v2\/media?parent=13790"}],"wp:term":[{"taxonomy":"category","embeddable":true,"href":"https:\/\/radiokissnoticias.com.ar\/web\/wp-json\/wp\/v2\/categories?post=13790"},{"taxonomy":"post_tag","embeddable":true,"href":"https:\/\/radiokissnoticias.com.ar\/web\/wp-json\/wp\/v2\/tags?post=13790"}],"curies":[{"name":"wp","href":"https:\/\/api.w.org\/{rel}","templated":true}]}}