{"id":13784,"date":"2026-08-31T12:57:54","date_gmt":"2026-08-31T15:57:54","guid":{"rendered":"https:\/\/radiokissnoticias.com.ar\/web\/?p=13784"},"modified":"2026-08-31T12:57:54","modified_gmt":"2026-08-31T15:57:54","slug":"la-fundacion-agora-inscribe-para-carreras-que-dicta","status":"publish","type":"post","link":"https:\/\/radiokissnoticias.com.ar\/web\/2026\/08\/31\/la-fundacion-agora-inscribe-para-carreras-que-dicta\/","title":{"rendered":"La Fundaci\u00f3n \u00c1gora inscribe para carreras que dicta"},"content":{"rendered":"<p>La Fundaci\u00f3n \u00c1gora ofrece el dictado de las licenciaturas en Educaci\u00f3n Inicial, Gesti\u00f3n Educativa, Educaci\u00f3n, Educaci\u00f3n Especial, por lo que invita a enviar sus datos personales y seleccione la Licenciatura de su inter\u00e9s para iniciar el tr\u00e1mite de admisi\u00f3n para el ciclo lectivo que inicia en Marzo de 2027. Los interesados pueden hacerlo ingresando en https:\/\/forms.gle\/7B8KLrjFPbBMBjRM7<\/p>\n<p>&nbsp;<\/p>\n","protected":false},"excerpt":{"rendered":"<p>La Fundaci\u00f3n \u00c1gora ofrece el dictado de las licenciaturas en Educaci\u00f3n Inicial, Gesti\u00f3n Educativa, Educaci\u00f3n, Educaci\u00f3n Especial, por lo que invita a enviar sus datos personales y seleccione la Licenciatura de su inter\u00e9s para iniciar el tr\u00e1mite de admisi\u00f3n para el ciclo lectivo que inicia en Marzo de 2027. Los interesados pueden hacerlo ingresando en [&hellip;]<\/p>\n","protected":false},"author":2,"featured_media":13785,"comment_status":"open","ping_status":"open","sticky":false,"template":"","format":"standard","meta":{"footnotes":""},"categories":[77],"tags":[],"class_list":["post-13784","post","type-post","status-publish","format-standard","has-post-thumbnail","category-local"],"_links":{"self":[{"href":"https:\/\/radiokissnoticias.com.ar\/web\/wp-json\/wp\/v2\/posts\/13784","targetHints":{"allow":["GET"]}}],"collection":[{"href":"https:\/\/radiokissnoticias.com.ar\/web\/wp-json\/wp\/v2\/posts"}],"about":[{"href":"https:\/\/radiokissnoticias.com.ar\/web\/wp-json\/wp\/v2\/types\/post"}],"author":[{"embeddable":true,"href":"https:\/\/radiokissnoticias.com.ar\/web\/wp-json\/wp\/v2\/users\/2"}],"replies":[{"embeddable":true,"href":"https:\/\/radiokissnoticias.com.ar\/web\/wp-json\/wp\/v2\/comments?post=13784"}],"version-history":[{"count":1,"href":"https:\/\/radiokissnoticias.com.ar\/web\/wp-json\/wp\/v2\/posts\/13784\/revisions"}],"predecessor-version":[{"id":13786,"href":"https:\/\/radiokissnoticias.com.ar\/web\/wp-json\/wp\/v2\/posts\/13784\/revisions\/13786"}],"wp:featuredmedia":[{"embeddable":true,"href":"https:\/\/radiokissnoticias.com.ar\/web\/wp-json\/wp\/v2\/media\/13785"}],"wp:attachment":[{"href":"https:\/\/radiokissnoticias.com.ar\/web\/wp-json\/wp\/v2\/media?parent=13784"}],"wp:term":[{"taxonomy":"category","embeddable":true,"href":"https:\/\/radiokissnoticias.com.ar\/web\/wp-json\/wp\/v2\/categories?post=13784"},{"taxonomy":"post_tag","embeddable":true,"href":"https:\/\/radiokissnoticias.com.ar\/web\/wp-json\/wp\/v2\/tags?post=13784"}],"curies":[{"name":"wp","href":"https:\/\/api.w.org\/{rel}","templated":true}]}}