{"id":13781,"date":"2026-08-31T12:56:12","date_gmt":"2026-08-31T15:56:12","guid":{"rendered":"https:\/\/radiokissnoticias.com.ar\/web\/?p=13781"},"modified":"2026-08-31T12:56:12","modified_gmt":"2026-08-31T15:56:12","slug":"santa-rosa-de-lima-convoco-a-gobernador-martinez-a-caminar-juntos","status":"publish","type":"post","link":"https:\/\/radiokissnoticias.com.ar\/web\/2026\/08\/31\/santa-rosa-de-lima-convoco-a-gobernador-martinez-a-caminar-juntos\/","title":{"rendered":"Santa Rosa de Lima convoc\u00f3 a Gobernador Mart\u00ednez a &#8220;caminar juntos&#8221;"},"content":{"rendered":"<p>La comunidad de Gobernador Mart\u00ednez celebr\u00f3 a su santa patrona, Santa Rosa de Lima, con una procesi\u00f3n por las calles del pueblo y la celebraci\u00f3n de la Eucarist\u00eda, presidida por el obispo de Goya, monse\u00f1or Adolfo Ram\u00f3n Canec\u00edn.<\/p>\n<div>Durante la procesi\u00f3n, familias, comunidades y fieles caminaron detr\u00e1s de la imagen de Santa Rosa, acompa\u00f1ados tambi\u00e9n por numerosos jinetes.<\/div>\n<div><\/div>\n<div>Al concluir el recorrido, monse\u00f1or Canec\u00edn imparti\u00f3 una bendici\u00f3n especial a quienes participaron a caballo, poniendo bajo la protecci\u00f3n de Dios sus vidas, sus familias y sus tareas cotidianas.<\/div>\n<div><\/div>\n<div><img decoding=\"async\" src=\"https:\/\/www.powernoticias.com\/images\/202608311159451280\" \/><\/div>\n<div><b>HOMIL\u00cdA<\/b><\/div>\n<div><\/div>\n<div>\n<div>En la homil\u00eda, el obispo invit\u00f3 a mirar el testimonio de Santa Rosa de Lima como &#8220;una\u00a0 \u00a0 mujer que supo escuchar a Dios, entregar su vida y poner su fe al servicio de los dem\u00e1s &#8220;.<\/div>\n<div><\/div>\n<div>Desde esta perspectiva, anim\u00f3 a la comunidad a renovar su compromiso de &#8220;caminar juntos&#8221;, superando &#8220;el individualismo y fortaleciendo los v\u00ednculos comunitarios &#8220;.<\/div>\n<div><\/div>\n<div>Monse\u00f1or Canec\u00edn alent\u00f3 a vivir &#8220;una Iglesia en la que todos tengan un lugar y puedan aportar sus dones, haciendo realidad el llamado del S\u00ednodo a una Iglesia de comuni\u00f3n, participaci\u00f3n y misi\u00f3n&#8221;.+<\/div>\n<\/div>\n","protected":false},"excerpt":{"rendered":"<p>La comunidad de Gobernador Mart\u00ednez celebr\u00f3 a su santa patrona, Santa Rosa de Lima, con una procesi\u00f3n por las calles del pueblo y la celebraci\u00f3n de la Eucarist\u00eda, presidida por el obispo de Goya, monse\u00f1or Adolfo Ram\u00f3n Canec\u00edn. Durante la procesi\u00f3n, familias, comunidades y fieles caminaron detr\u00e1s de la imagen de Santa Rosa, acompa\u00f1ados tambi\u00e9n [&hellip;]<\/p>\n","protected":false},"author":2,"featured_media":13782,"comment_status":"open","ping_status":"open","sticky":false,"template":"","format":"standard","meta":{"footnotes":""},"categories":[79],"tags":[],"class_list":["post-13781","post","type-post","status-publish","format-standard","has-post-thumbnail","category-provincia"],"_links":{"self":[{"href":"https:\/\/radiokissnoticias.com.ar\/web\/wp-json\/wp\/v2\/posts\/13781","targetHints":{"allow":["GET"]}}],"collection":[{"href":"https:\/\/radiokissnoticias.com.ar\/web\/wp-json\/wp\/v2\/posts"}],"about":[{"href":"https:\/\/radiokissnoticias.com.ar\/web\/wp-json\/wp\/v2\/types\/post"}],"author":[{"embeddable":true,"href":"https:\/\/radiokissnoticias.com.ar\/web\/wp-json\/wp\/v2\/users\/2"}],"replies":[{"embeddable":true,"href":"https:\/\/radiokissnoticias.com.ar\/web\/wp-json\/wp\/v2\/comments?post=13781"}],"version-history":[{"count":1,"href":"https:\/\/radiokissnoticias.com.ar\/web\/wp-json\/wp\/v2\/posts\/13781\/revisions"}],"predecessor-version":[{"id":13783,"href":"https:\/\/radiokissnoticias.com.ar\/web\/wp-json\/wp\/v2\/posts\/13781\/revisions\/13783"}],"wp:featuredmedia":[{"embeddable":true,"href":"https:\/\/radiokissnoticias.com.ar\/web\/wp-json\/wp\/v2\/media\/13782"}],"wp:attachment":[{"href":"https:\/\/radiokissnoticias.com.ar\/web\/wp-json\/wp\/v2\/media?parent=13781"}],"wp:term":[{"taxonomy":"category","embeddable":true,"href":"https:\/\/radiokissnoticias.com.ar\/web\/wp-json\/wp\/v2\/categories?post=13781"},{"taxonomy":"post_tag","embeddable":true,"href":"https:\/\/radiokissnoticias.com.ar\/web\/wp-json\/wp\/v2\/tags?post=13781"}],"curies":[{"name":"wp","href":"https:\/\/api.w.org\/{rel}","templated":true}]}}