{"id":13778,"date":"2026-08-31T12:52:52","date_gmt":"2026-08-31T15:52:52","guid":{"rendered":"https:\/\/radiokissnoticias.com.ar\/web\/?p=13778"},"modified":"2026-08-31T12:52:52","modified_gmt":"2026-08-31T15:52:52","slug":"el-superior-tribunal-de-justicia-de-corrientes-y-unicef-firmaron-un-convenio-para-fortalecer-el-acceso-a-la-justicia-de-ninas-ninos-y-adolescentes","status":"publish","type":"post","link":"https:\/\/radiokissnoticias.com.ar\/web\/2026\/08\/31\/el-superior-tribunal-de-justicia-de-corrientes-y-unicef-firmaron-un-convenio-para-fortalecer-el-acceso-a-la-justicia-de-ninas-ninos-y-adolescentes\/","title":{"rendered":"El Superior Tribunal de Justicia de Corrientes y UNICEF firmaron un convenio para fortalecer el acceso a la justicia de ni\u00f1as, ni\u00f1os y adolescentes"},"content":{"rendered":"<p>El Superior Tribunal de Justicia de la Provincia de Corrientes y el Fondo de las Naciones Unidas para la Infancia (UNICEF) formalizaron un Memor\u00e1ndum de Entendimiento destinado a fortalecer la cooperaci\u00f3n institucional y desarrollar acciones conjuntas orientadas a garantizar los derechos, la protecci\u00f3n integral y el acceso efectivo a la justicia de ni\u00f1as, ni\u00f1os y adolescentes.<\/p>\n<p>El acuerdo se enmarca en el compromiso del Poder Judicial de Corrientes con el pleno cumplimiento de los derechos humanos de ni\u00f1as, ni\u00f1os y adolescentes y se articula con el mandato de UNICEF y con el Programa de Cooperaci\u00f3n acordado entre el Gobierno Nacional y UNICEF para el per\u00edodo 2026-2030.<\/p>\n<p>Una agenda conjunta para la protecci\u00f3n de la ni\u00f1ez<\/p>\n<p>A partir de este Memor\u00e1ndum, ambas instituciones se comprometen a impulsar pol\u00edticas y programas destinados a que ni\u00f1as, ni\u00f1os y adolescentes puedan vivir libres de violencia y acceder a servicios especializados de protecci\u00f3n y justicia que brinden respuestas efectivas y oportunas ante situaciones de vulneraci\u00f3n de derechos.<\/p>\n<p>Entre los principales ejes de cooperaci\u00f3n se encuentra el fortalecimiento de las capacidades de magistrados, funcionarios y operadores judiciales, promoviendo intervenciones integrales, articuladas y respetuosas de los derechos de la ni\u00f1ez y la adolescencia.<\/p>\n<p>Asimismo, el convenio prev\u00e9 avanzar en la coordinaci\u00f3n intersectorial para garantizar la protecci\u00f3n integral y mejorar los procesos judiciales que involucran a ni\u00f1as, ni\u00f1os y adolescentes v\u00edctimas de violencia, as\u00ed como fortalecer los sistemas de informaci\u00f3n y los registros disponibles.<\/p>\n<p>Justicia juvenil con enfoque restaurativo<\/p>\n<p>Uno de los aspectos centrales del acuerdo est\u00e1 vinculado con el abordaje de adolescentes en conflicto con la ley penal. El Memor\u00e1ndum establece como objetivo ampliar la utilizaci\u00f3n de medidas alternativas al proceso penal y medidas socioeducativas no privativas de libertad, incorporando un enfoque restaurativo orientado a promover la responsabilizaci\u00f3n subjetiva, la reparaci\u00f3n del da\u00f1o y la reintegraci\u00f3n social de las y los adolescentes.<\/p>\n<p>Esta l\u00ednea de trabajo adquiere particular relevancia en el actual proceso de implementaci\u00f3n y fortalecimiento del sistema de justicia penal juvenil en la Provincia de Corrientes y permitir\u00e1 profundizar la formaci\u00f3n y especializaci\u00f3n de quienes intervienen en este \u00e1mbito.<\/p>\n<p>Articulaci\u00f3n federal y prevenci\u00f3n de las violencias<\/p>\n<p>El acuerdo contempla adem\u00e1s la participaci\u00f3n activa del Poder Judicial de Corrientes en la Red de Jueces y Juezas comprometidos\/as por los Derechos de Ni\u00f1as, Ni\u00f1os y Adolescentes, coordinada por UNICEF e integrada por autoridades y referentes de poderes judiciales de todo el pa\u00eds. Este espacio permitir\u00e1 fortalecer el intercambio de experiencias, estrategias institucionales y buenas pr\u00e1cticas.<\/p>\n<p>Tambi\u00e9n se desarrollar\u00e1n estrategias integrales de prevenci\u00f3n, sensibilizaci\u00f3n y abordaje de las violencias contra ni\u00f1as, ni\u00f1os y adolescentes, incluidas aquellas que se producen en entornos digitales, promoviendo su detecci\u00f3n temprana y mecanismos adecuados de intervenci\u00f3n y protecci\u00f3n.<\/p>\n<p>Un compromiso institucional con una justicia especializada<\/p>\n<p>La firma del Memor\u00e1ndum consolida una l\u00ednea estrat\u00e9gica del Superior Tribunal de Justicia orientada a construir respuestas judiciales cada vez m\u00e1s especializadas, interdisciplinarias y centradas en la protecci\u00f3n integral de ni\u00f1as, ni\u00f1os y adolescentes.<\/p>\n<p>La cooperaci\u00f3n con UNICEF permitir\u00e1 generar instancias de trabajo conjunto, fortalecer las capacidades institucionales y promover herramientas y buenas pr\u00e1cticas que acompa\u00f1en a magistrados, funcionarios y operadores judiciales en el desaf\u00edo de brindar respuestas adecuadas a las particularidades de la ni\u00f1ez y la adolescencia.<\/p>\n<p>El Memor\u00e1ndum prev\u00e9 la designaci\u00f3n de responsables institucionales para el seguimiento de la cooperaci\u00f3n y habilita la conformaci\u00f3n de grupos de trabajo conjuntos encargados de supervisar el desarrollo y ejecuci\u00f3n de las actividades acordadas.<\/p>\n<p>De esta manera, el Poder Judicial de Corrientes profundiza su compromiso con una justicia que no solo intervenga ante la vulneraci\u00f3n de derechos, sino que sea capaz de prevenir, proteger, acompa\u00f1ar y generar respuestas adecuadas para cada ni\u00f1a, ni\u00f1o y adolescente que entre en contacto con el sistema judicial.<\/p>\n","protected":false},"excerpt":{"rendered":"<p>El Superior Tribunal de Justicia de la Provincia de Corrientes y el Fondo de las Naciones Unidas para la Infancia (UNICEF) formalizaron un Memor\u00e1ndum de Entendimiento destinado a fortalecer la cooperaci\u00f3n institucional y desarrollar acciones conjuntas orientadas a garantizar los derechos, la protecci\u00f3n integral y el acceso efectivo a la justicia de ni\u00f1as, ni\u00f1os y [&hellip;]<\/p>\n","protected":false},"author":2,"featured_media":13779,"comment_status":"open","ping_status":"open","sticky":false,"template":"","format":"standard","meta":{"footnotes":""},"categories":[79],"tags":[],"class_list":["post-13778","post","type-post","status-publish","format-standard","has-post-thumbnail","category-provincia"],"_links":{"self":[{"href":"https:\/\/radiokissnoticias.com.ar\/web\/wp-json\/wp\/v2\/posts\/13778","targetHints":{"allow":["GET"]}}],"collection":[{"href":"https:\/\/radiokissnoticias.com.ar\/web\/wp-json\/wp\/v2\/posts"}],"about":[{"href":"https:\/\/radiokissnoticias.com.ar\/web\/wp-json\/wp\/v2\/types\/post"}],"author":[{"embeddable":true,"href":"https:\/\/radiokissnoticias.com.ar\/web\/wp-json\/wp\/v2\/users\/2"}],"replies":[{"embeddable":true,"href":"https:\/\/radiokissnoticias.com.ar\/web\/wp-json\/wp\/v2\/comments?post=13778"}],"version-history":[{"count":1,"href":"https:\/\/radiokissnoticias.com.ar\/web\/wp-json\/wp\/v2\/posts\/13778\/revisions"}],"predecessor-version":[{"id":13780,"href":"https:\/\/radiokissnoticias.com.ar\/web\/wp-json\/wp\/v2\/posts\/13778\/revisions\/13780"}],"wp:featuredmedia":[{"embeddable":true,"href":"https:\/\/radiokissnoticias.com.ar\/web\/wp-json\/wp\/v2\/media\/13779"}],"wp:attachment":[{"href":"https:\/\/radiokissnoticias.com.ar\/web\/wp-json\/wp\/v2\/media?parent=13778"}],"wp:term":[{"taxonomy":"category","embeddable":true,"href":"https:\/\/radiokissnoticias.com.ar\/web\/wp-json\/wp\/v2\/categories?post=13778"},{"taxonomy":"post_tag","embeddable":true,"href":"https:\/\/radiokissnoticias.com.ar\/web\/wp-json\/wp\/v2\/tags?post=13778"}],"curies":[{"name":"wp","href":"https:\/\/api.w.org\/{rel}","templated":true}]}}