{"id":13771,"date":"2026-08-31T12:46:36","date_gmt":"2026-08-31T15:46:36","guid":{"rendered":"https:\/\/radiokissnoticias.com.ar\/web\/?p=13771"},"modified":"2026-08-31T12:46:36","modified_gmt":"2026-08-31T15:46:36","slug":"la-municipalidad-junto-a-la-provincia-continua-con-operativos-de-salud-en-zonas-rurales","status":"publish","type":"post","link":"https:\/\/radiokissnoticias.com.ar\/web\/2026\/08\/31\/la-municipalidad-junto-a-la-provincia-continua-con-operativos-de-salud-en-zonas-rurales\/","title":{"rendered":"La Municipalidad junto a la Provincia continua con operativos de salud en zonas rurales"},"content":{"rendered":"<p>Los d\u00edas martes y jueves continuar\u00e1n los dispositivos m\u00e9dicos asistenciales en la zona rural, desplegados por los equipos de Salud de la Municipalidad y el personal de la Delegaci\u00f3n Goya de Desarrollo Social. Este martes la actividad se centra en paraje Buena Vista<\/p>\n<p>En el inicio de un nuevo mes, las atenciones est\u00e1n programadas en los Parajes Buena Vista y Las Mercedes<\/p>\n<p>MARTES 01: El martes 1 de septiembre el operativo m\u00e9dico asistencial se desarrollar\u00e1 en la 3\u00aa Secci\u00f3n, Paraje Buena Vista, a partir de las 9 horas, en el domicilio de Ester Ib\u00e1\u00f1ez, el equipo de salud de la Municipalidad, integrado por el m\u00e9dico, enfermeros, agentes sanitarios y personal de farmacia har\u00e1n los controles correspondientes en materia de presi\u00f3n arterial, ritmo cardiaco y esquema de vacunaci\u00f3n<\/p>\n<p>El dispositivo se complementa con la asistencia por parte del personal de la Delegaci\u00f3n Goya de Desarrollo Social encargado de la distribuci\u00f3n de m\u00f3dulos alimentarios, insumos para los bio potabilizadores de agua y las semillas del programa Jakaru Pora 2.0<\/p>\n<p>JUEVES 3: Similar dispositivo m\u00e9dico asistencial se realizar\u00e1 en la 3\u00aa Secci\u00f3n Paraje Las Mercedes, el jueves a partir de las 9 horas.<\/p>\n<p>Direcci\u00f3n de Prensa-Municipalidad de Goya<\/p>\n","protected":false},"excerpt":{"rendered":"<p>Los d\u00edas martes y jueves continuar\u00e1n los dispositivos m\u00e9dicos asistenciales en la zona rural, desplegados por los equipos de Salud de la Municipalidad y el personal de la Delegaci\u00f3n Goya de Desarrollo Social. Este martes la actividad se centra en paraje Buena Vista En el inicio de un nuevo mes, las atenciones est\u00e1n programadas en [&hellip;]<\/p>\n","protected":false},"author":2,"featured_media":13772,"comment_status":"open","ping_status":"open","sticky":false,"template":"","format":"standard","meta":{"footnotes":""},"categories":[77],"tags":[],"class_list":["post-13771","post","type-post","status-publish","format-standard","has-post-thumbnail","category-local"],"_links":{"self":[{"href":"https:\/\/radiokissnoticias.com.ar\/web\/wp-json\/wp\/v2\/posts\/13771","targetHints":{"allow":["GET"]}}],"collection":[{"href":"https:\/\/radiokissnoticias.com.ar\/web\/wp-json\/wp\/v2\/posts"}],"about":[{"href":"https:\/\/radiokissnoticias.com.ar\/web\/wp-json\/wp\/v2\/types\/post"}],"author":[{"embeddable":true,"href":"https:\/\/radiokissnoticias.com.ar\/web\/wp-json\/wp\/v2\/users\/2"}],"replies":[{"embeddable":true,"href":"https:\/\/radiokissnoticias.com.ar\/web\/wp-json\/wp\/v2\/comments?post=13771"}],"version-history":[{"count":1,"href":"https:\/\/radiokissnoticias.com.ar\/web\/wp-json\/wp\/v2\/posts\/13771\/revisions"}],"predecessor-version":[{"id":13773,"href":"https:\/\/radiokissnoticias.com.ar\/web\/wp-json\/wp\/v2\/posts\/13771\/revisions\/13773"}],"wp:featuredmedia":[{"embeddable":true,"href":"https:\/\/radiokissnoticias.com.ar\/web\/wp-json\/wp\/v2\/media\/13772"}],"wp:attachment":[{"href":"https:\/\/radiokissnoticias.com.ar\/web\/wp-json\/wp\/v2\/media?parent=13771"}],"wp:term":[{"taxonomy":"category","embeddable":true,"href":"https:\/\/radiokissnoticias.com.ar\/web\/wp-json\/wp\/v2\/categories?post=13771"},{"taxonomy":"post_tag","embeddable":true,"href":"https:\/\/radiokissnoticias.com.ar\/web\/wp-json\/wp\/v2\/tags?post=13771"}],"curies":[{"name":"wp","href":"https:\/\/api.w.org\/{rel}","templated":true}]}}