{"id":13763,"date":"2026-08-31T12:08:34","date_gmt":"2026-08-31T15:08:34","guid":{"rendered":"https:\/\/radiokissnoticias.com.ar\/web\/?p=13763"},"modified":"2026-08-31T12:08:34","modified_gmt":"2026-08-31T15:08:34","slug":"goya-conecta-primera-ronda-de-negocios","status":"publish","type":"post","link":"https:\/\/radiokissnoticias.com.ar\/web\/2026\/08\/31\/goya-conecta-primera-ronda-de-negocios\/","title":{"rendered":"GOYA CONECTA: Primera Ronda de Negocios"},"content":{"rendered":"<p><img decoding=\"async\" src=\"https:\/\/www.powernoticias.com\/images\/202608311021174310\" \/><\/p>\n<p><img decoding=\"async\" src=\"https:\/\/www.powernoticias.com\/images\/202608311021103229\" \/><\/p>\n<p><img decoding=\"async\" src=\"https:\/\/www.powernoticias.com\/images\/202608311020563016\" \/><\/p>\n<p>Con la participaci\u00f3n de emprendedores, operadores tur\u00edsticos, prestadores de servicios varios, agencias y empresas de turismo, se desarroll\u00f3 el s\u00e1bado en horas de la tarde en el SUM de Costa Surub\u00ed, la Primera Ronda de Negocios, de la propuesta Goya Conecta.<\/p>\n<p>El objetivo de la convocatoria fue crear un espacio, un \u00e1mbito adecuado para generar nuevas alianzas estrat\u00e9gicas entre prestadores y emprendedores del sector, para conocerse, intercambiar ideas y crear propuestas conjuntas.<\/p>\n<p>Con la presencia del Secretario de Turismo Sebasti\u00e1n Candia, la Secretaria de Industria Mar\u00eda Paz Lampugnani, la coordinadora del espacio Stella Araya participaron prestadores, operadores de los siguientes rubros: Alojamientos; Gastronom\u00eda; Gu\u00edas de turismo y pesca; Comercios (rubros varios); Artesanos;<\/p>\n<p>Productores locales; Prestadores de servicios tur\u00edsticos y Agencias de turismo, con una din\u00e1mica de colocar a cada rubro en mesas identificadas por colores, para lograr el intercambio de informaci\u00f3n, adquirir conocimiento de cada actividad desarrollada por cada uno de ellos.<\/p>\n<p>Este primer encuentro finaliz\u00f3 con la pr\u00e1ctica de dise\u00f1o de paquetes tur\u00edsticos para fines de semana y feriados, potenciando todo lo que Goya tiene para ofrecer.<\/p>\n<p>Bajo la marca &#8220;Goya Ciudad Energ\u00eda Natural&#8221;, se busca que cada vecino se convierta en un verdadero anfitri\u00f3n de nuestra ciudad, reconociendo, valorando y creyendo en nuestros recursos.<\/p>\n<p>Seg\u00fan las opiniones de organizadores y participantes, se puede calificar de positivo, productiva esta primera iniciativa, marcada como una Ronda de Negocios.<\/p>\n<p>Direcci\u00f3n de Prensa-Municipalidad de Goya<\/p>\n","protected":false},"excerpt":{"rendered":"<p>Con la participaci\u00f3n de emprendedores, operadores tur\u00edsticos, prestadores de servicios varios, agencias y empresas de turismo, se desarroll\u00f3 el s\u00e1bado en horas de la tarde en el SUM de Costa Surub\u00ed, la Primera Ronda de Negocios, de la propuesta Goya Conecta. El objetivo de la convocatoria fue crear un espacio, un \u00e1mbito adecuado para generar [&hellip;]<\/p>\n","protected":false},"author":2,"featured_media":13764,"comment_status":"open","ping_status":"open","sticky":false,"template":"","format":"standard","meta":{"footnotes":""},"categories":[77],"tags":[],"class_list":["post-13763","post","type-post","status-publish","format-standard","has-post-thumbnail","category-local"],"_links":{"self":[{"href":"https:\/\/radiokissnoticias.com.ar\/web\/wp-json\/wp\/v2\/posts\/13763","targetHints":{"allow":["GET"]}}],"collection":[{"href":"https:\/\/radiokissnoticias.com.ar\/web\/wp-json\/wp\/v2\/posts"}],"about":[{"href":"https:\/\/radiokissnoticias.com.ar\/web\/wp-json\/wp\/v2\/types\/post"}],"author":[{"embeddable":true,"href":"https:\/\/radiokissnoticias.com.ar\/web\/wp-json\/wp\/v2\/users\/2"}],"replies":[{"embeddable":true,"href":"https:\/\/radiokissnoticias.com.ar\/web\/wp-json\/wp\/v2\/comments?post=13763"}],"version-history":[{"count":1,"href":"https:\/\/radiokissnoticias.com.ar\/web\/wp-json\/wp\/v2\/posts\/13763\/revisions"}],"predecessor-version":[{"id":13765,"href":"https:\/\/radiokissnoticias.com.ar\/web\/wp-json\/wp\/v2\/posts\/13763\/revisions\/13765"}],"wp:featuredmedia":[{"embeddable":true,"href":"https:\/\/radiokissnoticias.com.ar\/web\/wp-json\/wp\/v2\/media\/13764"}],"wp:attachment":[{"href":"https:\/\/radiokissnoticias.com.ar\/web\/wp-json\/wp\/v2\/media?parent=13763"}],"wp:term":[{"taxonomy":"category","embeddable":true,"href":"https:\/\/radiokissnoticias.com.ar\/web\/wp-json\/wp\/v2\/categories?post=13763"},{"taxonomy":"post_tag","embeddable":true,"href":"https:\/\/radiokissnoticias.com.ar\/web\/wp-json\/wp\/v2\/tags?post=13763"}],"curies":[{"name":"wp","href":"https:\/\/api.w.org\/{rel}","templated":true}]}}