{"id":13756,"date":"2026-08-31T11:59:20","date_gmt":"2026-08-31T14:59:20","guid":{"rendered":"https:\/\/radiokissnoticias.com.ar\/web\/?p=13756"},"modified":"2026-08-31T11:59:20","modified_gmt":"2026-08-31T14:59:20","slug":"san-ramon-celebran-al-patrono-de-las-embarazadas-con-misas-procesion-y-festival","status":"publish","type":"post","link":"https:\/\/radiokissnoticias.com.ar\/web\/2026\/08\/31\/san-ramon-celebran-al-patrono-de-las-embarazadas-con-misas-procesion-y-festival\/","title":{"rendered":"SAN RAM\u00d3N:  Celebran al patrono de las embarazadas con misas, procesi\u00f3n y festival"},"content":{"rendered":"<p>La comunidad de San Ram\u00f3n de Goya se prepara para celebrar este 31 de agosto la fiesta de su santo patrono, San Ram\u00f3n Nonato, invocado como protector de las mujeres embarazadas y de quienes buscan el nacimiento de un hijo. Con el lema &#8220;Iglesia sinodal, comuni\u00f3n, participaci\u00f3n y misi\u00f3n&#8221;, la comunidad invita a vecinos y familias a compartir una jornada de fe, encuentro y celebraci\u00f3n.<\/p>\n<div id=\"modalFulltext\">\n<div>Las actividades comenzar\u00e1n a las 8, con la celebraci\u00f3n de bautismos, y continuar\u00e1n a las 9 con una procesi\u00f3n con los ni\u00f1os.<\/div>\n<div><\/div>\n<div>A las 10 se celebrar\u00e1 la Misa con los ni\u00f1os, mientras que a las 11, tendr\u00e1 lugar la celebraci\u00f3n especialmente preparada para las embarazadas, con la tradicional bendici\u00f3n para quienes esperan la llegada de un hijo.<\/div>\n<div><\/div>\n<div>Por la tarde, a las 15, se celebrar\u00e1 la Misa con los enfermos.<\/div>\n<div><\/div>\n<div>El momento central de la jornada ser\u00e1 a las 18, con la procesi\u00f3n con la imagen de San Ram\u00f3n, seguida de la Misa Central y el gran festival de cierre.<\/div>\n<div><\/div>\n<div>El padre Ariel Gim\u00e9nez, junto al padre Miguel \u00c1ngel Galeano, acompa\u00f1an pastoralmente a la comunidad y animan a participar de esta fiesta patronal, entendida tambi\u00e9n como una oportunidad para caminar juntos, fortalecer los v\u00ednculos comunitarios y renovar el compromiso misionero.+<\/div>\n<\/div>\n<div>\n<div id=\"117986-4\"><\/div>\n<\/div>\n","protected":false},"excerpt":{"rendered":"<p>La comunidad de San Ram\u00f3n de Goya se prepara para celebrar este 31 de agosto la fiesta de su santo patrono, San Ram\u00f3n Nonato, invocado como protector de las mujeres embarazadas y de quienes buscan el nacimiento de un hijo. Con el lema &#8220;Iglesia sinodal, comuni\u00f3n, participaci\u00f3n y misi\u00f3n&#8221;, la comunidad invita a vecinos y [&hellip;]<\/p>\n","protected":false},"author":2,"featured_media":13757,"comment_status":"open","ping_status":"open","sticky":false,"template":"","format":"standard","meta":{"footnotes":""},"categories":[77],"tags":[],"class_list":["post-13756","post","type-post","status-publish","format-standard","has-post-thumbnail","category-local"],"_links":{"self":[{"href":"https:\/\/radiokissnoticias.com.ar\/web\/wp-json\/wp\/v2\/posts\/13756","targetHints":{"allow":["GET"]}}],"collection":[{"href":"https:\/\/radiokissnoticias.com.ar\/web\/wp-json\/wp\/v2\/posts"}],"about":[{"href":"https:\/\/radiokissnoticias.com.ar\/web\/wp-json\/wp\/v2\/types\/post"}],"author":[{"embeddable":true,"href":"https:\/\/radiokissnoticias.com.ar\/web\/wp-json\/wp\/v2\/users\/2"}],"replies":[{"embeddable":true,"href":"https:\/\/radiokissnoticias.com.ar\/web\/wp-json\/wp\/v2\/comments?post=13756"}],"version-history":[{"count":1,"href":"https:\/\/radiokissnoticias.com.ar\/web\/wp-json\/wp\/v2\/posts\/13756\/revisions"}],"predecessor-version":[{"id":13758,"href":"https:\/\/radiokissnoticias.com.ar\/web\/wp-json\/wp\/v2\/posts\/13756\/revisions\/13758"}],"wp:featuredmedia":[{"embeddable":true,"href":"https:\/\/radiokissnoticias.com.ar\/web\/wp-json\/wp\/v2\/media\/13757"}],"wp:attachment":[{"href":"https:\/\/radiokissnoticias.com.ar\/web\/wp-json\/wp\/v2\/media?parent=13756"}],"wp:term":[{"taxonomy":"category","embeddable":true,"href":"https:\/\/radiokissnoticias.com.ar\/web\/wp-json\/wp\/v2\/categories?post=13756"},{"taxonomy":"post_tag","embeddable":true,"href":"https:\/\/radiokissnoticias.com.ar\/web\/wp-json\/wp\/v2\/tags?post=13756"}],"curies":[{"name":"wp","href":"https:\/\/api.w.org\/{rel}","templated":true}]}}