{"id":13751,"date":"2026-08-31T11:47:47","date_gmt":"2026-08-31T14:47:47","guid":{"rendered":"https:\/\/radiokissnoticias.com.ar\/web\/?p=13751"},"modified":"2026-08-31T11:56:12","modified_gmt":"2026-08-31T14:56:12","slug":"aserraderos-en-alerta-la-industria-maderera-exige-frenar-la-escalada-en-los-costos-de-energia","status":"publish","type":"post","link":"https:\/\/radiokissnoticias.com.ar\/web\/2026\/08\/31\/aserraderos-en-alerta-la-industria-maderera-exige-frenar-la-escalada-en-los-costos-de-energia\/","title":{"rendered":"ASERRADEROS EN ALERTA: La industria maderera exige frenar la escalada en los costos de energ\u00eda"},"content":{"rendered":"<p>El sector advierte por la p\u00e9rdida de competitividad ante facturas que se duplicaron en un mes. Tras abordar al gobernador, los industriales mantendr\u00e1n un encuentro clave con el interventor de Dpec para pedir respuestas.<\/p>\n<p>El sector advierte por la p\u00e9rdida de competitividad ante facturas que se duplicaron en un mes. Tras abordar al gobernador, los industriales mantendr\u00e1n un encuentro clave con el interventor de Dpec para pedir respuestas.<\/p>\n<p>El sector maderero de la provincia, en este caso puntual los que se encuentran instalados en zonas urbanas cercanas a esta ciudad- atraviesa una situaci\u00f3n econ\u00f3mica cr\u00edtica, sumando en las \u00faltimas semanas una profunda preocupaci\u00f3n por el incremento desmedido en las tarifas del servicio el\u00e9ctrico. Seg\u00fan manifestaron los propios industriales locales, las boletas del \u00faltimo mes duplicaron los montos facturados del per\u00edodo anterior, encendiendo las alarmas en una de las principales actividades productivas de la zona. As\u00ed lo dejaron entrever fuentes calificadas que por ahora prefieren mantener un bajo perfil.<\/p>\n<div>El malestar sectorial radica en el esquema de facturaci\u00f3n vigente, el cual desalienta el incremento de la producci\u00f3n. Mientras la situaci\u00f3n se vuelve a\u00fan m\u00e1s dif\u00edcil se\u00f1alan desde el sector maderero de Santo Tom\u00e9, desde diversos sectores pol\u00edticos y t\u00e9cnicos atribuyen la responsabilidad directa de la estructura tarifaria a Cammesa (Compa\u00f1\u00eda Administradora del Mercado Mayorista El\u00e9ctrico Sociedad An\u00f3nima).<\/div>\n<div><\/div>\n<div>\n<div><b>El reclamo del sector maderero<\/b><\/div>\n<\/div>\n<div><\/div>\n<div>El sector maderero denunci\u00f3 que &#8220;est\u00e1n matando al que se preocupa por crecer&#8221;, se\u00f1alando que &#8220;el impacto directo del esquema actual es que &#8220;cuanto m\u00e1s se consume, m\u00e1s se les aumenta el costo del servicio&#8221;, lo que termin\u00f3 por instalar fuertemente la idea de que a mayor nivel de producci\u00f3n en los aserraderos, la energ\u00eda se vuelve exponencialmente m\u00e1s cara y prohibitiva.<\/div>\n<div><\/div>\n<div><b>Gestiones y convocatoria<\/b><\/div>\n<div><\/div>\n<div>Aprovechando la agenda oficial en Santo Tom\u00e9, un grupo de propietarios de aserraderos logr\u00f3 establecer contacto directo con el gobernador de la provincia, Juan Pablo Vald\u00e9s. El abordaje se concret\u00f3 este \u00faltimo 27 de agosto en Santo Tom\u00e9, en el marco de la inauguraci\u00f3n del nuevo acceso vial al establecimiento maderero de la firma Zozzoli S.A.. Durante el encuentro, seg\u00fan public\u00f3 Digital Santo Tom\u00e8, los empresarios expusieron la gravedad de la situaci\u00f3n tarifaria y los riesgos de p\u00e9rdida de competitividad y empleo.<\/div>\n<div>Como respuesta inmediata a las gestiones ante el mandatario, se confirm\u00f3 que este lunes visitar\u00e1 la ciudad el interventor de la Direcci\u00f3n Provincial de Energ\u00eda de Corrientes (DPEC), Pablo Cuenca. El funcionario encabezar\u00e1 una reuni\u00f3n t\u00e9cnica de car\u00e1cter urgente con los industriales madereros para analizar el impacto de las subas, evaluar la situaci\u00f3n de los cuadros tarifarios y buscar alternativas que mitiguen el impacto en la cadena productiva.<\/div>\n<div>El conflicto tarifario en Santo Tom\u00e9 expone un dilema recurrente para la industria maderera: un esquema energ\u00e9tico que, al penalizar el mayor consumo, termina funcionando como un freno directo a la producci\u00f3n y la inversi\u00f3n. La reuni\u00f3n pautada con el interventor de la DPEC ser\u00e1 determinante para medir la voluntad pol\u00edtica de buscar paliativos locales o si, por el contrario, el peso de la estructura tarifaria mayorista impuesta por Cammesa terminar\u00e1 consolidando un escenario de menor actividad y riesgo sobre el empleo en el sector.<\/div>\n<div>La duplicaci\u00f3n en los montos de las boletas encendi\u00f3 las alarmas en Santo Tom\u00e9. Industriales advierten que el cuadro tarifario pone en riesgo el empleo en los aserraderos de la regi\u00f3n.<\/div>\n","protected":false},"excerpt":{"rendered":"<p>El sector advierte por la p\u00e9rdida de competitividad ante facturas que se duplicaron en un mes. Tras abordar al gobernador, los industriales mantendr\u00e1n un encuentro clave con el interventor de Dpec para pedir respuestas. El sector advierte por la p\u00e9rdida de competitividad ante facturas que se duplicaron en un mes. Tras abordar al gobernador, los [&hellip;]<\/p>\n","protected":false},"author":2,"featured_media":13754,"comment_status":"open","ping_status":"open","sticky":false,"template":"","format":"standard","meta":{"footnotes":""},"categories":[79],"tags":[],"class_list":["post-13751","post","type-post","status-publish","format-standard","has-post-thumbnail","category-provincia"],"_links":{"self":[{"href":"https:\/\/radiokissnoticias.com.ar\/web\/wp-json\/wp\/v2\/posts\/13751","targetHints":{"allow":["GET"]}}],"collection":[{"href":"https:\/\/radiokissnoticias.com.ar\/web\/wp-json\/wp\/v2\/posts"}],"about":[{"href":"https:\/\/radiokissnoticias.com.ar\/web\/wp-json\/wp\/v2\/types\/post"}],"author":[{"embeddable":true,"href":"https:\/\/radiokissnoticias.com.ar\/web\/wp-json\/wp\/v2\/users\/2"}],"replies":[{"embeddable":true,"href":"https:\/\/radiokissnoticias.com.ar\/web\/wp-json\/wp\/v2\/comments?post=13751"}],"version-history":[{"count":2,"href":"https:\/\/radiokissnoticias.com.ar\/web\/wp-json\/wp\/v2\/posts\/13751\/revisions"}],"predecessor-version":[{"id":13755,"href":"https:\/\/radiokissnoticias.com.ar\/web\/wp-json\/wp\/v2\/posts\/13751\/revisions\/13755"}],"wp:featuredmedia":[{"embeddable":true,"href":"https:\/\/radiokissnoticias.com.ar\/web\/wp-json\/wp\/v2\/media\/13754"}],"wp:attachment":[{"href":"https:\/\/radiokissnoticias.com.ar\/web\/wp-json\/wp\/v2\/media?parent=13751"}],"wp:term":[{"taxonomy":"category","embeddable":true,"href":"https:\/\/radiokissnoticias.com.ar\/web\/wp-json\/wp\/v2\/categories?post=13751"},{"taxonomy":"post_tag","embeddable":true,"href":"https:\/\/radiokissnoticias.com.ar\/web\/wp-json\/wp\/v2\/tags?post=13751"}],"curies":[{"name":"wp","href":"https:\/\/api.w.org\/{rel}","templated":true}]}}