{"id":13689,"date":"2026-08-30T11:27:16","date_gmt":"2026-08-30T14:27:16","guid":{"rendered":"https:\/\/radiokissnoticias.com.ar\/web\/?p=13689"},"modified":"2026-08-30T11:27:16","modified_gmt":"2026-08-30T14:27:16","slug":"senado-la-ucr-arriesga-la-mayoria-de-sus-bancas-en-2027-y-el-clima-electoral-ya-impacta-en-la-agenda-legislativa","status":"publish","type":"post","link":"https:\/\/radiokissnoticias.com.ar\/web\/2026\/08\/30\/senado-la-ucr-arriesga-la-mayoria-de-sus-bancas-en-2027-y-el-clima-electoral-ya-impacta-en-la-agenda-legislativa\/","title":{"rendered":"Senado: la UCR arriesga la mayor\u00eda de sus bancas en 2027 y el clima electoral ya impacta en la agenda legislativa"},"content":{"rendered":"<p>Es el bloque dialoguista m\u00e1s amplio y, sin \u00e9l, ser\u00eda dif\u00edcil que avancen hoy los proyectos libertarios. El dilema pasa por tratar leyes con impacto dispar seg\u00fan cada provincia y por sus consecuencias en el recinto. Esto se extiende a otros espacios y obliga a Patricia Bullrich a hacer malabares antes de definir un asunto.<\/p>\n<p>La siempre ansiosa campa\u00f1a pre electoral que, en la mayor\u00eda de las ocasiones, termina en la nada misma, comenz\u00f3 a mover las bases legislativas en las que pod\u00eda apoyarse, con cierta suavidad, el oficialismo libertario. Esto se percibe con claridad en el Senado, donde la Uni\u00f3n C\u00edvica Radical (UCR), hoy trascendental para que salgan las leyes, pondr\u00e1 en juego ocho de sus 10 bancas en 2027 y genera una tensi\u00f3n extra en la C\u00e1mara alta, con proyectos que impactan de forma diversa seg\u00fan la provincia, con sus respectivas consecuencias en el recinto.<\/p>\n<p>El escenario se repite en otros bloques m\u00e1s peque\u00f1os -el PRO, con tres integrantes- y en los p\u00edcaros silvestres provinciales, que se pegotean o se resbalan enjabonados seg\u00fan la iniciativa que aterrice y las necesidades del momento de los mandatarios locales. Al final del camino, los articulados muy pocas veces importan de verdad, m\u00e1s que para hacer pol\u00edtica. De all\u00ed el desprecio de la Casa Rosada hacia un sistema al que, despu\u00e9s, le toca timbre y le lleva rosas<\/p>\n<p>Quien tiene que ocuparse de cargar toda esta bola de nieve es la jefa de La Libertad Avanza en el Senado, Patricia Bullrich (Capital Federal). Los obligados malabares de la porte\u00f1a se precipitan por una cuesti\u00f3n simple: la inevitable apertura del oficialismo a dialoguistas para sumar discusiones a la grilla parlamentaria no s\u00f3lo gatillar\u00e1 el enojo de Balcarce 50, sino que ya empuja disputas entre espacios aliados necesarios a la hora de sesionar. Una encerrona de dif\u00edcil resoluci\u00f3n.<\/p>\n<p>Al margen de que quienes suelen jugarle bien al oficialismo pidieron al Ejecutivo que lo m\u00e1s pesado ocurriera durante el primer semestre del a\u00f1o -perdido por la defensa del ex jefe de Gabinete Manuel Adorni-, un indicio s\u00f3lido germin\u00f3 con la votaci\u00f3n de la ley de propiedad privada y los cap\u00edtulos que dejaron una norma m\u00e1s que fileteada y en c\u00f3moda siesta en Diputados.<\/p>\n<p>En aquella jornada fue muy penoso corroborar c\u00f3mo legisladores a los que se les acaba el mandato en 2027 cambiaban de opini\u00f3n -antes que se quitara el cap\u00edtulo sobre manejo del fuego, a minutos de la votaci\u00f3n en general del texto- si sospechaban que su comprovinciano rechazar\u00eda dicho articulado. Un caso entre un radical y una persona del macrismo fue el m\u00e1s delirante. Como no se consum\u00f3, pueden negarlo con total impunidad.<\/p>\n<p>Durante la semana que termina, en la C\u00e1mara alta pas\u00f3 de amarillo a naranja la trifulca entre azucareros y el complejo ma\u00edz\/soja por un potencial corte en biocombustibles que favorecer\u00eda m\u00e1s a los primeros, con gui\u00f1o libertario. Esto implicar\u00eda un sablazo en las bancadas de la UCR y tambi\u00e9n del kirchnerismo, con legisladores que defender\u00e1n esos intereses sin importar la cohesi\u00f3n interna. Se hab\u00eda prometido una convocatoria de comisiones para los pr\u00f3ximos d\u00edas, con el objetivo de dictaminar, pero a\u00fan no fue oficializada.<\/p>\n<p>Por ahora mantiene un olvido sobre la ley de zonas fr\u00edas -y la promesa de c\u00e1lidas- que sali\u00f3 de Diputados. Esto tambi\u00e9n dispara rispideces dentro de algunos partidos que prefieren esperar y sumar otra compulsa interna. \u201cSi exponemos a tres o cuatro que siempre nos ayudaron, con los meses que vienen por delante y la campa\u00f1a por un cargo en sus distritos o para renovar banca, corremos el riesgo de perderlos para siempre\u201d, deslizaron a Infobae desde un despacho oficialista de peso.<\/p>\n<p>Esto tambi\u00e9n es percibido por otras oficinas de poder en la C\u00e1mara alta, que ratifican sin dudar que varios de los inconvenientes en cuanto al tratamiento de leyes se debi\u00f3 por una \u201cfalta total de pol\u00edtica\u201d de parte de la Casa Rosada, que incluso vuelve a repetir errores del pasado. Por caso, en una reciente compulsa relacionada con un pu\u00f1ado de pliegos judiciales que pisaba el Ejecutivo, aliados y ciertos libertarios precipitaron la presentaci\u00f3n de los respectivos despachos de mayor\u00eda. A las pocas horas, el Gobierno oper\u00f3 una ins\u00f3lita victoria que dej\u00f3, a\u00fan m\u00e1s a la vista, la falta de tacto y movimientos burdos a la hora de amasar la realidad parlamentaria.<\/p>\n","protected":false},"excerpt":{"rendered":"<p>Es el bloque dialoguista m\u00e1s amplio y, sin \u00e9l, ser\u00eda dif\u00edcil que avancen hoy los proyectos libertarios. El dilema pasa por tratar leyes con impacto dispar seg\u00fan cada provincia y por sus consecuencias en el recinto. Esto se extiende a otros espacios y obliga a Patricia Bullrich a hacer malabares antes de definir un asunto. [&hellip;]<\/p>\n","protected":false},"author":2,"featured_media":13690,"comment_status":"open","ping_status":"open","sticky":false,"template":"","format":"standard","meta":{"footnotes":""},"categories":[81],"tags":[],"class_list":["post-13689","post","type-post","status-publish","format-standard","has-post-thumbnail","category-politica"],"_links":{"self":[{"href":"https:\/\/radiokissnoticias.com.ar\/web\/wp-json\/wp\/v2\/posts\/13689","targetHints":{"allow":["GET"]}}],"collection":[{"href":"https:\/\/radiokissnoticias.com.ar\/web\/wp-json\/wp\/v2\/posts"}],"about":[{"href":"https:\/\/radiokissnoticias.com.ar\/web\/wp-json\/wp\/v2\/types\/post"}],"author":[{"embeddable":true,"href":"https:\/\/radiokissnoticias.com.ar\/web\/wp-json\/wp\/v2\/users\/2"}],"replies":[{"embeddable":true,"href":"https:\/\/radiokissnoticias.com.ar\/web\/wp-json\/wp\/v2\/comments?post=13689"}],"version-history":[{"count":1,"href":"https:\/\/radiokissnoticias.com.ar\/web\/wp-json\/wp\/v2\/posts\/13689\/revisions"}],"predecessor-version":[{"id":13691,"href":"https:\/\/radiokissnoticias.com.ar\/web\/wp-json\/wp\/v2\/posts\/13689\/revisions\/13691"}],"wp:featuredmedia":[{"embeddable":true,"href":"https:\/\/radiokissnoticias.com.ar\/web\/wp-json\/wp\/v2\/media\/13690"}],"wp:attachment":[{"href":"https:\/\/radiokissnoticias.com.ar\/web\/wp-json\/wp\/v2\/media?parent=13689"}],"wp:term":[{"taxonomy":"category","embeddable":true,"href":"https:\/\/radiokissnoticias.com.ar\/web\/wp-json\/wp\/v2\/categories?post=13689"},{"taxonomy":"post_tag","embeddable":true,"href":"https:\/\/radiokissnoticias.com.ar\/web\/wp-json\/wp\/v2\/tags?post=13689"}],"curies":[{"name":"wp","href":"https:\/\/api.w.org\/{rel}","templated":true}]}}