{"id":13684,"date":"2026-08-30T11:21:45","date_gmt":"2026-08-30T14:21:45","guid":{"rendered":"https:\/\/radiokissnoticias.com.ar\/web\/?p=13684"},"modified":"2026-08-30T11:24:02","modified_gmt":"2026-08-30T14:24:02","slug":"villarruel-volvio-a-distanciarse-del-gobierno-y-pidio-mayor-inversion-del-estado-para-el-campo","status":"publish","type":"post","link":"https:\/\/radiokissnoticias.com.ar\/web\/2026\/08\/30\/villarruel-volvio-a-distanciarse-del-gobierno-y-pidio-mayor-inversion-del-estado-para-el-campo\/","title":{"rendered":"Villarruel volvi\u00f3 a distanciarse del Gobierno y pidi\u00f3 mayor inversi\u00f3n del Estado para el campo"},"content":{"rendered":"<p>As\u00ed lo mencion\u00f3 durante su paso por la ExpoVenado, en suelo santafesino. &#8220;La carga impositiva y los impuestos que recaen sobre cada uno de los productores encarecen el costo de producir en nuestro pa\u00eds, y eso es algo en lo que tambi\u00e9n tendr\u00edamos que trabajar, que es una reforma tributaria&#8221;, esboz\u00f3 Victoria Villarruel en Venado Tuerto.<\/p>\n<p>La vicepresidente Victoria Villarruel volvi\u00f3 a tomar distancia del Gobierno y pidi\u00f3 que el Estado aporte una mayor inversi\u00f3n al sector agropecuario y relacionado con el campo.<\/p>\n<p>Seg\u00fan se supo, la titular de la C\u00e1mara de Senadores plante\u00f3 la necesidad de invertir m\u00e1s en materia de infraestructura para sostener su desarrollo.<\/p>\n<p>&#8220;El campo deposita mucho dinero en las arcas p\u00fablicas y tiene muchos problemas por resolver. Requiere una inversi\u00f3n del Estado&#8221;, sostuvo durante una entrevista radial tras su participaci\u00f3n en la ExpoVenado, llevada a cabo en la provincia de Santa Fe.<\/p>\n<p>La funcionaria asegur\u00f3 que un inversor extranjero &#8220;no va a invertir en un pa\u00eds que est\u00e1 tan desconectado&#8221;. Agreg\u00f3, adem\u00e1s, que la confluencia de lo p\u00fablico-privado forma una &#8220;relaci\u00f3n virtuosa&#8221;.<\/p>\n<p>&#8220;No es que no podemos replicar esto en el resto del pa\u00eds. Es imperiosa la generaci\u00f3n de empleo&#8221;, consider\u00f3.<\/p>\n<p>En cuanto a las retenciones a las exportaciones, Villarruel manifest\u00f3 que es el Gobierno quien se encarga de decidir sobre esos asuntos, y lanz\u00f3 un mensaje hacia el futuro: &#8220;Espero que el Gobierno pueda ir ordenando esta situaci\u00f3n. Falta un a\u00f1o y medio m\u00e1s de gobierno. No perdamos las esperanzas&#8221;.<\/p>\n<p>&#8220;La carga impositiva y los impuestos que recaen sobre cada uno de los productores encarecen el costo de producir en nuestro pa\u00eds, y eso es algo en lo que tambi\u00e9n tendr\u00edamos que trabajar, que es una reforma tributaria&#8221;, esboz\u00f3.<\/p>\n<p>Por \u00faltimo, sum\u00f3: &#8220;Ojal\u00e1 que, parte de las aspiraciones que tenga el campo, podamos cumplirlas como retribuci\u00f3n a quienes tanto han puesto de s\u00ed. El campo es el orgullo de la Rep\u00fablica Argentina. Hemos sido, somos y seremos el granero del mundo&#8221;.<\/p>\n","protected":false},"excerpt":{"rendered":"<p>As\u00ed lo mencion\u00f3 durante su paso por la ExpoVenado, en suelo santafesino. &#8220;La carga impositiva y los impuestos que recaen sobre cada uno de los productores encarecen el costo de producir en nuestro pa\u00eds, y eso es algo en lo que tambi\u00e9n tendr\u00edamos que trabajar, que es una reforma tributaria&#8221;, esboz\u00f3 Victoria Villarruel en Venado [&hellip;]<\/p>\n","protected":false},"author":2,"featured_media":13688,"comment_status":"open","ping_status":"open","sticky":false,"template":"","format":"standard","meta":{"footnotes":""},"categories":[78],"tags":[],"class_list":["post-13684","post","type-post","status-publish","format-standard","has-post-thumbnail","category-nacional"],"_links":{"self":[{"href":"https:\/\/radiokissnoticias.com.ar\/web\/wp-json\/wp\/v2\/posts\/13684","targetHints":{"allow":["GET"]}}],"collection":[{"href":"https:\/\/radiokissnoticias.com.ar\/web\/wp-json\/wp\/v2\/posts"}],"about":[{"href":"https:\/\/radiokissnoticias.com.ar\/web\/wp-json\/wp\/v2\/types\/post"}],"author":[{"embeddable":true,"href":"https:\/\/radiokissnoticias.com.ar\/web\/wp-json\/wp\/v2\/users\/2"}],"replies":[{"embeddable":true,"href":"https:\/\/radiokissnoticias.com.ar\/web\/wp-json\/wp\/v2\/comments?post=13684"}],"version-history":[{"count":2,"href":"https:\/\/radiokissnoticias.com.ar\/web\/wp-json\/wp\/v2\/posts\/13684\/revisions"}],"predecessor-version":[{"id":13687,"href":"https:\/\/radiokissnoticias.com.ar\/web\/wp-json\/wp\/v2\/posts\/13684\/revisions\/13687"}],"wp:featuredmedia":[{"embeddable":true,"href":"https:\/\/radiokissnoticias.com.ar\/web\/wp-json\/wp\/v2\/media\/13688"}],"wp:attachment":[{"href":"https:\/\/radiokissnoticias.com.ar\/web\/wp-json\/wp\/v2\/media?parent=13684"}],"wp:term":[{"taxonomy":"category","embeddable":true,"href":"https:\/\/radiokissnoticias.com.ar\/web\/wp-json\/wp\/v2\/categories?post=13684"},{"taxonomy":"post_tag","embeddable":true,"href":"https:\/\/radiokissnoticias.com.ar\/web\/wp-json\/wp\/v2\/tags?post=13684"}],"curies":[{"name":"wp","href":"https:\/\/api.w.org\/{rel}","templated":true}]}}