{"id":13063,"date":"2026-08-23T23:46:53","date_gmt":"2026-08-24T02:46:53","guid":{"rendered":"https:\/\/radiokissnoticias.com.ar\/web\/?p=13063"},"modified":"2026-08-23T23:46:53","modified_gmt":"2026-08-24T02:46:53","slug":"el-gobierno-analiza-decretar-asueto-o-feriado-por-la-visita-del-papa-leon-xiv-a-la-argentina","status":"publish","type":"post","link":"https:\/\/radiokissnoticias.com.ar\/web\/2026\/08\/23\/el-gobierno-analiza-decretar-asueto-o-feriado-por-la-visita-del-papa-leon-xiv-a-la-argentina\/","title":{"rendered":"El Gobierno analiza decretar asueto o feriado por la visita del papa Le\u00f3n XIV a la Argentina"},"content":{"rendered":"<p>Lo confirmaron fuentes del Ejecutivo nacional al canal TN. El sumo pont\u00edfice recorrer\u00e1 el pa\u00eds entre el 8 y el 11 de noviembre. En la Casa Rosada, Karina Milei coordina los preparativos con representantes de la Iglesia.<\/p>\n<p>Mientras el Gobierno lleva adelante las tareas de coordinaci\u00f3n con la Iglesia y las autoridades locales por la inminente visita del papa Le\u00f3n XIV, fuentes oficiales aseguraron que est\u00e1 bajo an\u00e1lisis la posibilidad de declarar un asueto o feriado de cara a las misas masivas que encabezar\u00e1 el sumo pont\u00edfice.<\/p>\n<p>\u201cNo est\u00e1 definido a\u00fan, pero algo se va a hacer. Se est\u00e1 analizando bien\u201d, sintetizaron a este medio en Balcarce 50, a poco m\u00e1s de dos meses de la llegada de la m\u00e1xima autoridad de la Iglesia cat\u00f3lica, que recorrer\u00e1 la Argentina entre el 8 y el 11 de noviembre.<\/p>\n<p>Seg\u00fan explicaron a este medio desde la Conferencia Episcopal Argentina, la secretaria General de la Presidencia, Karina Milei, dio su compromiso de estudiar el tema en la reuni\u00f3n interdisciplinar que encabez\u00f3 el martes pasado. \u201cNosotros creemos que es necesario, porque si las misas son en la calle y en la semana, alg\u00fan tipo de asueto se va a necesitar\u201d, consider\u00f3 una fuente eclesi\u00e1stica.<\/p>\n<p>En esa reuni\u00f3n en la Casa Rosada, participaron por parte del Ejecutivo los ministros Alejandra Monteoliva (Seguridad); Sandra Pettovello (Capital Humano); Pablo Quirno (Canciller\u00eda); y el secretario de Comunicaci\u00f3n, Fabi\u00e1n Fern\u00e1ndez. Completaron la lista de asistentes el nuncio apost\u00f3lico en la Argentina, Michael Wallace Banach -en representaci\u00f3n de la Santa Sede-; el jefe de Gabinete porte\u00f1o, Gabriel S\u00e1nchez Zinny, y un grupo de la Conferencia Episcopal Argentina encabezado por el arzobispo de Buenos Aires, Jorge Garc\u00eda Cuerva; y los sacerdotes Mat\u00edas Taricco y M\u00e1ximo Jurcinovic, integrantes de la Comisi\u00f3n Nacional para la Preparaci\u00f3n de la Visita.<\/p>\n<p>\u201cEs una visita nacional y es una primera aproximaci\u00f3n, pero el esp\u00edritu es de trabajar absolutamente en conjunto\u201d, hab\u00eda manifestado Garc\u00eda Cuerva tras el encuentro. Y agreg\u00f3: \u201cLa seguridad estar\u00eda a cargo del gobierno nacional y van a articular con las fuerzas provinciales\u201d.<\/p>\n<p>En ese sentido, los representantes eclesi\u00e1sticos contin\u00faan en di\u00e1logo con el Gobierno nacional, que est\u00e1 al frente de las reuniones con las coordinaciones locales de los diferentes eventos que protagonizar\u00e1 el papa durante su estad\u00eda. Seg\u00fan anticiparon, las citas principales ser\u00e1n en las ciudades de C\u00f3rdoba, Luj\u00e1n y Buenos Aires.<\/p>\n<p>En l\u00ednea con todos los operativos en marcha para recibir al sumo pont\u00edfice, la ministra de Seguridad, Alejandra Monteoliva, cont\u00f3 durante su paso por TN que ya iniciaron a finales de junio las tratativas con una avanzada del equipo de seguridad del Vaticano que incluy\u00f3 un primer recorrido por los posibles lugares que visitar\u00e1 el papa.<\/p>\n<p>Seg\u00fan Monteoliva, los escenarios elegidos son la Bas\u00edlica de Luj\u00e1n, en la hom\u00f3nima ciudad bonaerense, el Monumento de los Espa\u00f1oles en el barrio porte\u00f1o de Palermo y el predio del \u00c1rea Material C\u00f3rdoba, donde en 1987 estuvo Juan Pablo II. Esa vez fue la \u00faltima visita de un papa a la Argentina.<\/p>\n<p>\u201cSon los lugares, vamos a decir, con mayor certeza\u201d, plante\u00f3 la ministra de Seguridad, que habl\u00f3 sobre los preparativos para afrontar la presencia de millones de personas en las calles. \u201cNo solamente los eventos, vamos a tener recorridos en todas las provincias, m\u00e1s gente en los puertos, aeropuertos, pasos fronterizos\u201d, asegur\u00f3.<\/p>\n<p>Adem\u00e1s, dentro de los eventos protocolares que incluye la visita de Le\u00f3n XIV, habr\u00e1 un encuentro con el presidente Javier Milei en la Casa Rosada y un acto en el Palacio Libertad, denominado encuentro con el cuerpo diplom\u00e1tico y sociedad civil.<\/p>\n<p>Para continuar los preparativos por parte de la Casa Rosada, el secretario de Comunicaci\u00f3n y Medios, Fabi\u00e1n Fern\u00e1ndez, funcionario ligado a Karina Milei, mantendr\u00e1 una reuni\u00f3n esta semana con el equipo de Comunicaci\u00f3n del Episcopado, y a fin de mes tendr\u00e1 un encuentro con sus pares del Vaticano.<\/p>\n","protected":false},"excerpt":{"rendered":"<p>Lo confirmaron fuentes del Ejecutivo nacional al canal TN. El sumo pont\u00edfice recorrer\u00e1 el pa\u00eds entre el 8 y el 11 de noviembre. En la Casa Rosada, Karina Milei coordina los preparativos con representantes de la Iglesia. Mientras el Gobierno lleva adelante las tareas de coordinaci\u00f3n con la Iglesia y las autoridades locales por la [&hellip;]<\/p>\n","protected":false},"author":2,"featured_media":13064,"comment_status":"open","ping_status":"open","sticky":false,"template":"","format":"standard","meta":{"footnotes":""},"categories":[78],"tags":[],"class_list":["post-13063","post","type-post","status-publish","format-standard","has-post-thumbnail","category-nacional"],"_links":{"self":[{"href":"https:\/\/radiokissnoticias.com.ar\/web\/wp-json\/wp\/v2\/posts\/13063","targetHints":{"allow":["GET"]}}],"collection":[{"href":"https:\/\/radiokissnoticias.com.ar\/web\/wp-json\/wp\/v2\/posts"}],"about":[{"href":"https:\/\/radiokissnoticias.com.ar\/web\/wp-json\/wp\/v2\/types\/post"}],"author":[{"embeddable":true,"href":"https:\/\/radiokissnoticias.com.ar\/web\/wp-json\/wp\/v2\/users\/2"}],"replies":[{"embeddable":true,"href":"https:\/\/radiokissnoticias.com.ar\/web\/wp-json\/wp\/v2\/comments?post=13063"}],"version-history":[{"count":1,"href":"https:\/\/radiokissnoticias.com.ar\/web\/wp-json\/wp\/v2\/posts\/13063\/revisions"}],"predecessor-version":[{"id":13065,"href":"https:\/\/radiokissnoticias.com.ar\/web\/wp-json\/wp\/v2\/posts\/13063\/revisions\/13065"}],"wp:featuredmedia":[{"embeddable":true,"href":"https:\/\/radiokissnoticias.com.ar\/web\/wp-json\/wp\/v2\/media\/13064"}],"wp:attachment":[{"href":"https:\/\/radiokissnoticias.com.ar\/web\/wp-json\/wp\/v2\/media?parent=13063"}],"wp:term":[{"taxonomy":"category","embeddable":true,"href":"https:\/\/radiokissnoticias.com.ar\/web\/wp-json\/wp\/v2\/categories?post=13063"},{"taxonomy":"post_tag","embeddable":true,"href":"https:\/\/radiokissnoticias.com.ar\/web\/wp-json\/wp\/v2\/tags?post=13063"}],"curies":[{"name":"wp","href":"https:\/\/api.w.org\/{rel}","templated":true}]}}