{"id":12805,"date":"2026-08-22T00:18:06","date_gmt":"2026-08-22T03:18:06","guid":{"rendered":"https:\/\/radiokissnoticias.com.ar\/web\/?p=12805"},"modified":"2026-08-22T00:18:06","modified_gmt":"2026-08-22T03:18:06","slug":"reuniones-de-trabajo-de-las-comisiones-de-salud-de-economia-y-de-legislacion-del-hcd-de-goya","status":"publish","type":"post","link":"https:\/\/radiokissnoticias.com.ar\/web\/2026\/08\/22\/reuniones-de-trabajo-de-las-comisiones-de-salud-de-economia-y-de-legislacion-del-hcd-de-goya\/","title":{"rendered":"Reuniones de trabajo de las Comisiones de Salud, de Econom\u00eda y de Legislaci\u00f3n del HCD de Goya"},"content":{"rendered":"<p>Este jueves 20 de agosto se concretaron en el HCD de Goya las reuniones peri\u00f3dicas de trabajo de las comisiones de Salud, que avanz\u00f3 con el proyecto sobre tenencia responsable de animales; la de Econom\u00eda, que analiz\u00f3 el proyecto sobre conectividad en el Predio Costa Surub\u00ed; y la de Legislaci\u00f3n, recibi\u00f3 a la Secretaria de Educaci\u00f3n, Sonia Espina y al rector del Instituto Tecnol\u00f3gico Goya (ITG), Marcos Sosa, para analizar la Inteligencia Artificial aplicada en \u00e1mbitos educativos<\/p>\n<div>Estas reuniones se desarrollaron en el Sal\u00f3n Mabel Barrile del cuarto piso del edificio comunal, y en todas ellas prest\u00f3 su asistencia t\u00e9cnica Clarisa Yanina Delgado de la Secretar\u00eda de Comisiones.<\/div>\n<div><\/div>\n<div><b>Comisi\u00f3n de Salud<\/b><\/div>\n<div><\/div>\n<div>La jornada de reuniones de trabajo comenz\u00f3 con la Comisi\u00f3n de Salud, Desarrollo Humano y Promoci\u00f3n Social, con la presencia de los concejales Gabriela Refojos, Antonio Mazzaro, Sabina Valeria Calvi, Ver\u00f3nica Ram\u00edrez y Susana Quir\u00f3z.<\/div>\n<div><\/div>\n<div>\n<div>El tema excluyente en esta reuni\u00f3n fue el Expediente N\u00b0 3.462: Proyecto de Ordenanza sobre Tenencia y\/o criaderos de animales de granja y\/o animales no dom\u00e9sticos. Le efectuaron diversas modificaciones al proyecto original y le dieron el pase a la Comisi\u00f3n de Producci\u00f3n<\/div>\n<div><\/div>\n<div><b>Comisi\u00f3n de Econom\u00eda y Finanzas<\/b><\/div>\n<div><\/div>\n<div>En segundo t\u00e9rmino y en el mismo lugar, los concejales Vivian Merlo, M\u00f3nica Cortinovis, Emanuel Blanco y Sabina Valeria Calvi avanzaron en el estudio del Expediente N\u00b0 3.603: Proyecto de Ordenanza sobre Conectividad en el Predio Costa Surub\u00ed.<\/div>\n<\/div>\n<div><\/div>\n<div>\n<div>En esta oportunidad, los miembros de esta comisi\u00f3n invitaron a tomar parte de la reuni\u00f3n al concejal Antonio Mazzaro, ya que el proyecto sobre Conectividad en el Predio Costa Surub\u00ed es de su autor\u00eda.<\/div>\n<div><\/div>\n<div>Este proyecto contin\u00faa en tratamiento, y resolvieron los ediles invitar para el pr\u00f3ximo jueves a la hora 10,00 al Presidente de la COMUPE, Ra\u00fal Gonz\u00e1lez Vilas, para escuchar su opini\u00f3n al respecto.<\/div>\n<div><\/div>\n<div><b>Comisi\u00f3n de Legislaci\u00f3n<\/b><\/div>\n<div><\/div>\n<div>La \u00faltima reuni\u00f3n de la ma\u00f1ana fue la de la Comisi\u00f3n de Legislaci\u00f3n. Los integrantes de la misma: Vivian Merlo, Marcelo Frattini, Ver\u00f3nica Ram\u00edrez; Jos\u00e9 Novello y Antonio Mazzaro, recibieron al Secretaria de Educaci\u00f3n, Sonia Espina y al rector del Instituto Tecnol\u00f3gico Goya (ITG), Marcos Sosa.<\/div>\n<\/div>\n<div><\/div>\n<div>\n<div>Con la funcionaria municipal y el responsable del ITG analizaron el Expediente N\u00b0 3.553, proyecto de Resoluci\u00f3n sobre Capacitaci\u00f3n en el uso responsable de la IA (Inteligencia Artificial) en adolescentes.<\/div>\n<div><\/div>\n<div>Al respecto, la doctora Espina coment\u00f3 que desde su \u00e1rea y el propio ITG ya est\u00e1n haciendo capacitaciones en el uso responsable de la Inteligencia Artificial (IA) tanto a docentes de Goya como del Instituto Superior de Santa Luc\u00eda.<\/div>\n<div><\/div>\n<div>En tanto, Sosa se explay\u00f3 sobre la Inteligencia Artificial. Dijo que los chicos est\u00e1n delegando funciones de razonamiento y de creaci\u00f3n a la IA. Y que por eso estudios determinaron que \u201cest\u00e1 habiendo un peque\u00f1o retroceso en el coeficiente intelectual en esta d\u00e9cada, por primera vez en la historia\u201d, se\u00f1al\u00f3.<\/div>\n<div><\/div>\n<div>El titular del ITG indic\u00f3 que los adolescentes se pasan \u201cde 8 a 15\u00a0 utilizando el celular\u201d. Y que, ante situaci\u00f3n, que a muchos asombra, desde la Secretar\u00eda de Educaci\u00f3n dijo \u201cle ense\u00f1amos a utilizar responsablemente el celular. Que hacer y que no hacer\u201d.<\/div>\n<div><\/div>\n<div>La Secretaria Espina, manifest\u00f3 \u201cen l\u00edneas generales le parec\u00eda \u201cmuy bueno el proyecto\u201d (en tratamiento) y remarc\u00f3 que el gobierno del Intendente Mariano Hormaechea viene trabajando desde su inicio \u201cen la profesionalizaci\u00f3n de algunas \u00e1reas\u201d del Municipio, entre ellas Educaci\u00f3n y el ITG.<\/div>\n<\/div>\n<div><\/div>\n<div>\n<div>A solicitud de los concejales, ambos funcionarios enviar\u00e1n un informe de lo que se est\u00e1 haciendo desde Educaci\u00f3n y el ITG respecto a la capacitaci\u00f3n en el uso responsable de la IA.<\/div>\n<div><\/div>\n<div>Luego, los integrantes de la comisi\u00f3n intercambiaron puntos de vista sobre el Expediente N\u00b0 3.625\/26, proyecto de ordenanza sobre \u201cAutorizaci\u00f3n de firma para un Acuerdo de licencia de uso de software Sistema de Gesti\u00f3n de Salud Municipal\u201d entre la comuna y una empresa privada que en la sesi\u00f3n de este mi\u00e9rcoles se dispuso su vuelta a comisi\u00f3n para introduc\u00edrsele algunos cambios.<\/div>\n<div><\/div>\n<div>En ese sentido decidieron invitar para escuchar su opini\u00f3n al Subsecretario de Atenci\u00f3n Primaria de la Salud, doctor Emilio Mart\u00ednez, para el pr\u00f3ximo jueves 27 de agosto, a la hora 11.-<\/div>\n<\/div>\n","protected":false},"excerpt":{"rendered":"<p>Este jueves 20 de agosto se concretaron en el HCD de Goya las reuniones peri\u00f3dicas de trabajo de las comisiones de Salud, que avanz\u00f3 con el proyecto sobre tenencia responsable de animales; la de Econom\u00eda, que analiz\u00f3 el proyecto sobre conectividad en el Predio Costa Surub\u00ed; y la de Legislaci\u00f3n, recibi\u00f3 a la Secretaria de [&hellip;]<\/p>\n","protected":false},"author":2,"featured_media":12806,"comment_status":"open","ping_status":"open","sticky":false,"template":"","format":"standard","meta":{"footnotes":""},"categories":[77],"tags":[],"class_list":["post-12805","post","type-post","status-publish","format-standard","has-post-thumbnail","category-local"],"_links":{"self":[{"href":"https:\/\/radiokissnoticias.com.ar\/web\/wp-json\/wp\/v2\/posts\/12805","targetHints":{"allow":["GET"]}}],"collection":[{"href":"https:\/\/radiokissnoticias.com.ar\/web\/wp-json\/wp\/v2\/posts"}],"about":[{"href":"https:\/\/radiokissnoticias.com.ar\/web\/wp-json\/wp\/v2\/types\/post"}],"author":[{"embeddable":true,"href":"https:\/\/radiokissnoticias.com.ar\/web\/wp-json\/wp\/v2\/users\/2"}],"replies":[{"embeddable":true,"href":"https:\/\/radiokissnoticias.com.ar\/web\/wp-json\/wp\/v2\/comments?post=12805"}],"version-history":[{"count":1,"href":"https:\/\/radiokissnoticias.com.ar\/web\/wp-json\/wp\/v2\/posts\/12805\/revisions"}],"predecessor-version":[{"id":12807,"href":"https:\/\/radiokissnoticias.com.ar\/web\/wp-json\/wp\/v2\/posts\/12805\/revisions\/12807"}],"wp:featuredmedia":[{"embeddable":true,"href":"https:\/\/radiokissnoticias.com.ar\/web\/wp-json\/wp\/v2\/media\/12806"}],"wp:attachment":[{"href":"https:\/\/radiokissnoticias.com.ar\/web\/wp-json\/wp\/v2\/media?parent=12805"}],"wp:term":[{"taxonomy":"category","embeddable":true,"href":"https:\/\/radiokissnoticias.com.ar\/web\/wp-json\/wp\/v2\/categories?post=12805"},{"taxonomy":"post_tag","embeddable":true,"href":"https:\/\/radiokissnoticias.com.ar\/web\/wp-json\/wp\/v2\/tags?post=12805"}],"curies":[{"name":"wp","href":"https:\/\/api.w.org\/{rel}","templated":true}]}}