{"id":12764,"date":"2026-08-21T14:22:03","date_gmt":"2026-08-21T17:22:03","guid":{"rendered":"https:\/\/radiokissnoticias.com.ar\/web\/?p=12764"},"modified":"2026-08-21T14:22:03","modified_gmt":"2026-08-21T17:22:03","slug":"detuvieron-a-un-joven-acusado-de-matar-a-balazos-a-un-perro","status":"publish","type":"post","link":"https:\/\/radiokissnoticias.com.ar\/web\/2026\/08\/21\/detuvieron-a-un-joven-acusado-de-matar-a-balazos-a-un-perro\/","title":{"rendered":"Detuvieron a un joven acusado de matar a balazos a un perro"},"content":{"rendered":"<p><img decoding=\"async\" src=\"https:\/\/www.corrienteshoy.com\/galeria\/fotos\/2026\/08\/21\/o_1787315672_26456.jpg\" \/><\/p>\n<p><img decoding=\"async\" src=\"https:\/\/www.corrienteshoy.com\/galeria\/fotos\/2026\/08\/21\/o_1787315672_79643.jpg\" \/><\/p>\n<p>Un grave caso de presunto maltrato y crueldad animal conmocion\u00f3 al barrio La Tablada. La Polic\u00eda Rural correntina allan\u00f3 una vivienda, secuestr\u00f3 un rifle de aire comprimido y detuvo a un hombre de 25 a\u00f1os, se\u00f1alado como el presunto autor del disparo que termin\u00f3 con la vida del animal.<\/p>\n<p>Un grave episodio de presunta crueldad animal es investigado en la ciudad de Esquina, luego de que un perro fuera encontrado muerto con un proyectil de aire comprimido en su cuerpo.<\/p>\n<p>El hecho ocurri\u00f3 en el barrio La Tablada del interior correntino, donde personal de la Unidad Especial de Seguridad Rural y Ecol\u00f3gica de Esquina intervino tras tomar conocimiento de la muerte del animal.<\/p>\n<p>En el lugar, los efectivos trabajaron junto al m\u00e9dico veterinario de la Polic\u00eda de Corrientes, m\u00e9dico Esteban Federico Rubiniche, y el licenciado Diego Escobar, integrante del Equipo T\u00e9cnico Interdisciplinario de la Fiscal\u00eda.<\/p>\n<p>Durante la inspecci\u00f3n veterinaria se constat\u00f3 que el perro, llamado \u201cFelipe\u201d, un mestizo macho de aproximadamente cinco a\u00f1os, presentaba en su cuerpo un proyectil compatible con un disparo de aire comprimido.<\/p>\n<p>A partir de este hallazgo se iniciaron actuaciones por presunto maltrato y crueldad animal, con intervenci\u00f3n del fiscal subrogante Dr. Javier Mosquera.<\/p>\n<p><b>Allanamiento y secuestro del arma<\/b><\/p>\n<p>Las tareas investigativas realizadas por la Polic\u00eda Rural, sumadas a los informes t\u00e9cnicos y periciales, permitieron reunir elementos que fueron puestos a consideraci\u00f3n de la Justicia.<\/p>\n<p>Las tareas investigativas realizadas por la Polic\u00eda Rural, sumadas a los informes t\u00e9cnicos y periciales, permitieron reunir elementos que fueron puestos a consideraci\u00f3n de la Justicia.<\/p>\n<div id=\"MediumRectangle_2\" class=\"banner-in-text\"><\/div>\n<div id=\"MobileRectangle_3\" class=\"banner-in-text\"><\/div>\n<p>Con esos antecedentes, se otorg\u00f3 una orden de allanamiento, secuestro y detenci\u00f3n, que posteriormente fue concretada en una vivienda del mismo barrio.<\/p>\n<p>Durante el procedimiento, los efectivos secuestraron un rifle de aire comprimido tipo carabina, elemento que ser\u00e1 sometido a las pericias correspondientes y que, seg\u00fan la investigaci\u00f3n inicial, podr\u00eda haber sido utilizado para efectuar el disparo que caus\u00f3 la muerte del animal.<\/p>\n<div id=\"MobileRectangle_4\" class=\"banner-in-text\"><\/div>\n<p>Como resultado del operativo fue detenido Francisco Medina, de 25 a\u00f1os, quien qued\u00f3 inicialmente sindicado como presunto autor del hecho.<\/p>\n<p>El detenido fue trasladado y alojado en la Comisar\u00eda Primera de Esquina, quedando a disposici\u00f3n de la Justicia.<\/p>\n<p>La investigaci\u00f3n contin\u00faa para determinar con precisi\u00f3n las circunstancias en las que ocurri\u00f3 la muerte de \u201cFelipe\u201d y establecer las responsabilidades penales correspondientes.<\/p>\n<p>El caso vuelve a poner bajo la lupa la problem\u00e1tica del maltrato y la crueldad hacia los animales y la importancia de denunciar este tipo de hechos para que puedan ser investigados por la Justicia.<\/p>\n","protected":false},"excerpt":{"rendered":"<p>Un grave caso de presunto maltrato y crueldad animal conmocion\u00f3 al barrio La Tablada. La Polic\u00eda Rural correntina allan\u00f3 una vivienda, secuestr\u00f3 un rifle de aire comprimido y detuvo a un hombre de 25 a\u00f1os, se\u00f1alado como el presunto autor del disparo que termin\u00f3 con la vida del animal. Un grave episodio de presunta crueldad [&hellip;]<\/p>\n","protected":false},"author":2,"featured_media":12765,"comment_status":"open","ping_status":"open","sticky":false,"template":"","format":"standard","meta":{"footnotes":""},"categories":[82],"tags":[],"class_list":["post-12764","post","type-post","status-publish","format-standard","has-post-thumbnail","category-policiales"],"_links":{"self":[{"href":"https:\/\/radiokissnoticias.com.ar\/web\/wp-json\/wp\/v2\/posts\/12764","targetHints":{"allow":["GET"]}}],"collection":[{"href":"https:\/\/radiokissnoticias.com.ar\/web\/wp-json\/wp\/v2\/posts"}],"about":[{"href":"https:\/\/radiokissnoticias.com.ar\/web\/wp-json\/wp\/v2\/types\/post"}],"author":[{"embeddable":true,"href":"https:\/\/radiokissnoticias.com.ar\/web\/wp-json\/wp\/v2\/users\/2"}],"replies":[{"embeddable":true,"href":"https:\/\/radiokissnoticias.com.ar\/web\/wp-json\/wp\/v2\/comments?post=12764"}],"version-history":[{"count":1,"href":"https:\/\/radiokissnoticias.com.ar\/web\/wp-json\/wp\/v2\/posts\/12764\/revisions"}],"predecessor-version":[{"id":12766,"href":"https:\/\/radiokissnoticias.com.ar\/web\/wp-json\/wp\/v2\/posts\/12764\/revisions\/12766"}],"wp:featuredmedia":[{"embeddable":true,"href":"https:\/\/radiokissnoticias.com.ar\/web\/wp-json\/wp\/v2\/media\/12765"}],"wp:attachment":[{"href":"https:\/\/radiokissnoticias.com.ar\/web\/wp-json\/wp\/v2\/media?parent=12764"}],"wp:term":[{"taxonomy":"category","embeddable":true,"href":"https:\/\/radiokissnoticias.com.ar\/web\/wp-json\/wp\/v2\/categories?post=12764"},{"taxonomy":"post_tag","embeddable":true,"href":"https:\/\/radiokissnoticias.com.ar\/web\/wp-json\/wp\/v2\/tags?post=12764"}],"curies":[{"name":"wp","href":"https:\/\/api.w.org\/{rel}","templated":true}]}}