{"id":12661,"date":"2026-08-19T21:55:56","date_gmt":"2026-08-20T00:55:56","guid":{"rendered":"https:\/\/radiokissnoticias.com.ar\/web\/?p=12661"},"modified":"2026-08-19T21:55:56","modified_gmt":"2026-08-20T00:55:56","slug":"hcd-de-goya-de-interes-el-aniversario-del-penal-n-8-la-4ta-maraton-solidaria-de-la-fundacion-onco-infanto-juvenil-el-aniversario-de-la-sociedad-italiana-y-la-presentacion-del-libro-de-camozz","status":"publish","type":"post","link":"https:\/\/radiokissnoticias.com.ar\/web\/2026\/08\/19\/hcd-de-goya-de-interes-el-aniversario-del-penal-n-8-la-4ta-maraton-solidaria-de-la-fundacion-onco-infanto-juvenil-el-aniversario-de-la-sociedad-italiana-y-la-presentacion-del-libro-de-camozz\/","title":{"rendered":"HCD DE GOYA De Inter\u00e9s el Aniversario del Penal N\u00b0 8, la 4ta. Marat\u00f3n Solidaria de la Fundaci\u00f3n Onco Infanto Juvenil, el aniversario de la Sociedad Italiana y  la presentaci\u00f3n del libro de Camozzi Barrios"},"content":{"rendered":"<p>Todos estos temas fueron aprobados por unanimidad Sobre Tablas en la Sesi\u00f3n Ordinaria del HCD de Goya de 19 de agosto, en tanto que la autorizaci\u00f3n para que el DEM firme un convenio con empresa privada para el uso de software de Sistema de Gesti\u00f3n de Salud comunal, fue enviada nuevamente a la comisi\u00f3n de origen para efectuarle algunas correcciones<\/p>\n<div>La 14\u00b0 Sesi\u00f3n Ordinaria estuvo presidida por el titular del cuerpo, el Viceintendente Municipal Sebasti\u00e1n Mart\u00edn Mazzaro, quien en el inicio de la misma agradeci\u00f3 la presencia de representantes de la Fundaci\u00f3n Onco Infanto Juvenil, tras lo cual los concejales aprobaron por unanimidad el Acta de la Sesi\u00f3n Anterior, pidiendo luego que se incorporen para ser tratados Sobre Tablas, en donde fueron aprobados por unanimidad, el proyecto mediante el cual se declar\u00f3 de Inter\u00e9s Cultural, la presentaci\u00f3n del libro \u201cDe la Breve Espera y la Esperanza Cierta\u201d, del padre Camozzi Barrios; de inter\u00e9s Municipal el \u201cActo conmemorativo por el d\u00e9cimo aniversario del establecimiento penitenciario N\u00b0 8\u201d; y la CUARTA MARATON SOLIDARIA organizada por la FUNDACION ONCOI NFANTO JUVENIL GOYA a realizarse los d\u00edas 05 y 06 de septiembre de 2026 en el PREDIO \u201cCosta Surub\u00ed\u201d de nuestra ciudad; como as\u00ed tambi\u00e9n el 145\u00b0 aniversario de la Sociedad Italiana de Socorros Mutuos de Goya.<\/div>\n<div><\/div>\n<div><b>Notas presentadas en Secretar\u00eda<\/b><\/div>\n<div><\/div>\n<div>\n<div>El Secretario del Cuerpo, Edgardo Mart\u00ednez, puso en conocimiento de los ediles las notas que fueron presentadas en su cartera, las que fueron:<\/div>\n<div>.- Del Concejal Oscar Ferrero solicitando asignaci\u00f3n de espacio f\u00edsico para despacho, silencio administrativo, nuevo requerimiento con plazo perentorio. Se reserv\u00f3 en Secretar\u00eda<\/div>\n<div>.- De los Concejales Marcos Gonz\u00e1lez y Bel\u00e9n Gogga, Nota solicitando el reemplazo de equipamiento inform\u00e1tico del Bloque del Partido Justicialista, silencio administrativo, nuevo requerimiento con plazo perentorio. Se reserv\u00f3 en Secretar\u00eda.<\/div>\n<div><\/div>\n<div>.- De los Concejales Marcos Gonz\u00e1lez, Bel\u00e9n Gogga y Valeria Calvi, solicitando la implementaci\u00f3n de sistema digital de acceso a proyectos y tr\u00e1mites legislativos, cumplimiento de los Arts. 38 Incs. 17 y 18, 83 y 129 del Reglamento Interno. Se reserv\u00f3 en Secretar\u00eda<\/div>\n<div><\/div>\n<div>.- De Juan Fernando Marc\u00f3pulos invitando a la presentaci\u00f3n del libro \u201cDe Sue\u00f1os y Palas\u201d una obra de su autor\u00eda, a realizarse el d\u00eda 22 de agosto de 2026 a las 19,00 en el Sal\u00f3n de la Parroquia San Jos\u00e9 Obrero. Se envi\u00f3 a Ceremonial y Protocolo.<\/div>\n<div><\/div>\n<div><b>Proyectos presentados en secretaria<\/b><\/div>\n<\/div>\n<div><\/div>\n<div>\n<div>Seguidamente, Edgardo Mart\u00ednez hizo lo mismo con los proyectos que ingresaron en la Secretar\u00eda a su cargo desde la sesi\u00f3n anterior. Los mismos fueron:<\/div>\n<div><\/div>\n<div>.- De los Concejales: Marcos Gonz\u00e1lez y Bel\u00e9n Gogga, el Proyecto de Ordenanza sobre TRANSITO: que Unifica la definici\u00f3n de veh\u00edculo de gran porte en la normativa municipal. Fue enviado a la Comisi\u00f3n de Legislaci\u00f3n.<\/div>\n<div><\/div>\n<div>.- De los Concejales: Marcos Gonz\u00e1lez y Bel\u00e9n Gogga, Proyecto de Ordenanza sobre CODIGO RURAL: Aprueba el C\u00f3digo Rural y de Desarrollo Productivo del Departamento de Goya. Fue enviado a las comisiones de Producci\u00f3n y de Legislaci\u00f3n.<\/div>\n<div><\/div>\n<div>.- De los Concejales: Marcos Gonz\u00e1lez, Valeria Calvi y Bel\u00e9n Gogga, Proyecto de Ordenanza sobre ESPACIOS RIBERE\u00d1OS: Crea el Programa de Asistencia R\u00e1pida y Prevenci\u00f3n en Espacios Ribere\u00f1os de Goya. Fue a las comisiones de Econom\u00eda y de Legislaci\u00f3n.<\/div>\n<div><\/div>\n<div>.- De la concejal Gabriela Refojos, Proyecto de Ordenanza sobre Imponer el nombre del \u201cDr. Ernesto Walter Grosse\u201d, a una calle p\u00fablica sin denominaci\u00f3n de la Ciudad de Goya. Se remiti\u00f3 a la Comisi\u00f3n de Cultura,<\/div>\n<div><\/div>\n<div><\/div>\n<div><b>Software de Sistema de Gesti\u00f3n de Salud comunal<\/b><\/div>\n<\/div>\n<div><\/div>\n<div>\n<div>Por unanimidad, volvi\u00f3 a la Comisi\u00f3n de Legislaci\u00f3n el Expediente N\u00b0 3.625\/26 del H.C.D. que contiene el Proyecto de Ordenanza Para la autorizaci\u00f3n de firma de Acuerdo de licencia de uso de software sistema de Gesti\u00f3n de Salud Municipal.<\/div>\n<div><\/div>\n<div><i><b>Marcelo Frattini:<\/b><\/i><\/div>\n<\/div>\n<div><\/div>\n<div>\n<div>El Presidente de la Comisi\u00f3n de Legislaci\u00f3n, el concejal del PL \u2013 Vamos Corrientes, Marcelo Frattini, coment\u00f3 que intercambiaron ideas en el bloque oficialista, analizando que por un error involuntario se envi\u00f3 un anexo el martes a \u00faltima hora a los correos de todos los concejales, lo que es poco tiempo para estar conforme a la normativa y el reglamento y se notaron algunos errores materiales que se deben corregir, por lo que plante\u00f3 su vuelta a comisi\u00f3n para su correcci\u00f3n y presentaci\u00f3n adecuada<\/div>\n<div><\/div>\n<div><b>Sabina Valeria Calvi:<\/b><\/div>\n<\/div>\n<div><\/div>\n<div>\n<div>En tanto que la concejal de la UCR disidente Sabina Valeria Calvi, apoy\u00f3 esa moci\u00f3n bas\u00e1ndose en esos argumentos, el del plazo con que se recibi\u00f3 el anexo.<\/div>\n<div><\/div>\n<div>Pidi\u00f3 adem\u00e1s a las autoridades de la comisi\u00f3n, que hagan part\u00edcipes de su tratamiento a las minor\u00edas parlamentarias, ya que el mismo, dijo, tiene una importancia fundamental para todos los ciudadanos, y que adem\u00e1s en la Comisi\u00f3n de Salud hay un proyecto similar, y porque les gustar\u00eda presentar inquietudes, evacuar dudas, por lo que pidi\u00f3 que, de ser posible, se convoque a una reuni\u00f3n ampliada de que puedan tomar parte.<\/div>\n<div><\/div>\n<div>Por presidencia se puso a consideraci\u00f3n la moci\u00f3n de que vuela a Comisi\u00f3n, lo que fue aprobado por unanimidad.<\/div>\n<div><\/div>\n<div><b>Marat\u00f3n Solidaria de Fundaci\u00f3n Onco-Infanto-Juvenil Goya<\/b><\/div>\n<\/div>\n<div><\/div>\n<div>\n<div>Por unanimidad, se aprob\u00f3 el Sobre Tablas el Proyecto de Resoluci\u00f3n Declarando de Inter\u00e9s Municipal la CUARTA MARAT\u00d3N SOLIDARIA organizada por la FUNDACION INCOINFANTO- JUVENIL GOYA a realizarse los d\u00edas 05 y 06 de septiembre de 2026 en el PREDIO \u201cCosta Surub\u00ed\u201d de nuestra ciudad.<\/div>\n<div><\/div>\n<div><b>Sabina Valeria Calvi:<\/b><\/div>\n<\/div>\n<div><\/div>\n<div>\n<div>Luego de que el proyecto fuera le\u00eddo por Secretar\u00eda, la fundamentaci\u00f3n estuvo a cargo de la concejal de la UCR Disidente Sabina Valeria Calvi, quien inici\u00f3 su fundamentaci\u00f3n agradeciendo la presencia de parte de la Fundaci\u00f3n, y coment\u00f3 que ten\u00eda puesta la remera identificativa de la misma porque ella formaba parte de la Fundaci\u00f3n, y coment\u00f3 que enviaron a Secretar\u00eda el estatuto social de la misma, donde se exponen los fundamentos sobre los que basa su actividad y funcionamiento, y que estos objetivos est\u00e1n dirigidos a apoyar a ni\u00f1os y j\u00f3venes de hasta 18 a\u00f1os de edad, que tienen el terrible diagn\u00f3stico de c\u00e1ncer, y que la mayor\u00eda tienen una gran vulnerabilidad psicol\u00f3gica y econ\u00f3mica, ya que son situaciones altamente dolorosas en las que ni\u00f1os de la ciudad y el campo pasan duros momentos, luchando contra un c\u00e1ncer al que a veces se vence y en otras oportunidades se sale derrotado.<\/div>\n<div><\/div>\n<div>Puso a modo de ejemplo la presencia de un adolescente que venci\u00f3 y que sigue con sus controles, la de una abuela que perdi\u00f3 a su nieto, y que se busca recaudar fondos para ayudar a esas familias.<\/div>\n<div><\/div>\n<div>Coment\u00f3 que una fuente de recaudaci\u00f3n es esa Marat\u00f3n, detallando que van por la 4ta., lo que da cuenta del funcionamiento de la Fundaci\u00f3n, y que son muchos los ni\u00f1os y j\u00f3venes con c\u00e1ncer. Se recibe a muchas familias y se despide a muchas otras \u201ccon dolor en el alma y el coraz\u00f3n, pero seguimos en aquellas madres y abuelas que perdieron a sus hijos y nietos, y en los j\u00f3venes que pasaron por distintas etapas\u201d, coment\u00f3 Sabina Valeria Calvi, y explic\u00f3 que hacen lo que pueden como \u201cpata social dentro de una sociedad\u201d, asumiendo roles que muchas veces no pueden hacerlo los estados municipal y provincial.<\/div>\n<\/div>\n<div><\/div>\n<div>\n<div>Agradeci\u00f3 luego a muchas firmas particulares que brindaron su apoyo y ayudan, a los voluntarios, al estado municipal a trav\u00e9s de la Direcci\u00f3n de Deportes, y a los voluntarios de la Fundaci\u00f3n, de la que dijo que trasciende lo institucional, por lo que pidi\u00f3 a sus pares que colaboren adem\u00e1s con la compra de remeras y con la aprobaci\u00f3n del proyecto, e invit\u00f3 a todos a sumarse.<\/div>\n<div><\/div>\n<div><\/div>\n<div><i><b>Antonio Mazzaro:<\/b><\/i><\/div>\n<\/div>\n<div><\/div>\n<div>\n<div>Continu\u00f3 en el uso de la palabra el edil Antonio Mazzaro (ELI), quien dijo que hace aproximadamente un a\u00f1o, ese cuerpo hab\u00eda presentado un pedido de cumplimiento y reglamentaci\u00f3n de la ley que acompa\u00f1a esta situaci\u00f3n.<\/div>\n<div><\/div>\n<div>Record\u00f3 que se atravesaba un momento pol\u00edtico \u00e1lgido y complicado, pero que a pesar de ello se evaluaron otros valores que no tienen bander\u00eda pol\u00edtica y lograron un apoyo un\u00e1nime.<\/div>\n<div><\/div>\n<div>Manifest\u00f3 luego su apoyo a la Fundaci\u00f3n, dijo que est\u00e1 anotado y que participar\u00e1 de la Marat\u00f3n, como ya lo hizo en ediciones anteriores y felicit\u00f3 a todos quienes hacen posible esa loable tarea.<\/div>\n<div><\/div>\n<div><b><i>Sabina Valeria Calvi:<\/i><\/b><\/div>\n<\/div>\n<div><\/div>\n<div>\n<div>Retom\u00f3 el uso de la palabra la concejal Calvi, quien agradeci\u00f3 lo expresado por Mazzaro y le transmiti\u00f3 que en sorteo previo que se hace entre los inscriptos, \u00e9l sali\u00f3 favorecido.<\/div>\n<div><\/div>\n<div>Concluy\u00f3 diciendo que hac\u00eda ese comentario para descomprimir ese momento de mucha emoci\u00f3n y agradeci\u00f3 que sea su par otro de los participantes de la Marat\u00f3n.<\/div>\n<div><\/div>\n<div>Desde la Presidencia del HCD se puso a consideraci\u00f3n el proyecto y se aprob\u00f3 por unanimidad el mismo.<\/div>\n<div><\/div>\n<div><b>Establecimiento Penitenciario N\u00b0 8<\/b><\/div>\n<\/div>\n<div><\/div>\n<div>\n<div>Al igual que con el proyecto anterior, cosech\u00f3 el voto un\u00e1nime de los concejales al ser presentado para ser tratado Sobre Tablas, el proyecto de resoluci\u00f3n declarando de Inter\u00e9s Municipal el Acto conmemorativo por el d\u00e9cimo aniversario del establecimiento penitenciario N\u00b0 8.<\/div>\n<div><\/div>\n<div><b>Emanuel Blanco:<\/b><\/div>\n<\/div>\n<div><\/div>\n<div>\n<div>Fue le\u00eddo por el Secretario del Cuerpo, Edgardo Mart\u00ednez, tras lo cual el concejal Emanuel Blanco (Vamos Peronistas \u2013 Vamos Corrientes), se\u00f1al\u00f3 que esta declaraci\u00f3n de Inter\u00e9s Municipal se origina en una solicitud personal del Director de la Unidad Penal N\u00b0 8 de Goya, Mario Torres, y apunt\u00f3 que tuvo la posibilidad de observar el trabajo en el mismo para la reinserci\u00f3n de los detenidos, y record\u00f3 que en esa sesi\u00f3n se tocaban dos temas fundamentales de la humanidad, la vida y la libertad, por lo que pidi\u00f3 el acompa\u00f1amiento de sus pares.<\/div>\n<div><\/div>\n<div>Invit\u00f3 al resto de los concejales al acto, a conocer lo que se hace en el lugar, y ayudar a visibilizar el trabajo en pos de la reinserci\u00f3n.<\/div>\n<div><\/div>\n<div>El acto conmemorativo ser\u00e1 el viernes 28 de agosto a la hora 10,00 en las instalaciones de penal, con la presencia de autoridades locales y provinciales.<\/div>\n<div><\/div>\n<div><b>145\u00b0 aniversario de la Sociedad Italiana Goya<\/b><\/div>\n<\/div>\n<div><\/div>\n<div>\n<div>El tercero de los temas incorporados al Orden del D\u00eda para ser tratado Sobre Tablas, el Proyecto de Resoluci\u00f3n Declarando de Inter\u00e9s Municipal el 145\u00b0 aniversario de la Sociedad Italiana de Socorros Mutuos de Goya fue aprobado tambi\u00e9n por unanimidad<\/div>\n<div><\/div>\n<div><i><b>Oscar Ferrero:<\/b><\/i><\/div>\n<\/div>\n<div><\/div>\n<div>\n<div>Quien llev\u00f3 adelante la fundamentaci\u00f3n de este proyecto, fue el concejal del Frente Renovador Oscar Ferrero, quien resalt\u00f3 el nombre de la Sociedad Italiana para todos, sean o no miembros de la misma, y record\u00f3 que por ejemplo, la concejal Laura Filippa presidi\u00f3 la instituci\u00f3n, lo mismo que el propio padre de Oscar Ferrero.<\/div>\n<div><\/div>\n<div>Record\u00f3 que ellos y otras personas trabajaron mucho para levantar a esa instituci\u00f3n que durante mucho tiempo \u201cse estuvo cayendo\u201d y se logr\u00f3 reconstruir gracias a los apoyos municipal y provincial y detall\u00f3 las instalaciones que posee y las actividades que se llevan adelante en la misma y que fortalecen a la cultura.<\/div>\n<div><\/div>\n<div>Mencion\u00f3 que el acto ser\u00e1 este viernes 21 de agosto e invit\u00f3 a todos sus pares a participar del mismo.<\/div>\n<div><\/div>\n<div><b>Libro del Padre Camozzi Barrios<\/b><\/div>\n<\/div>\n<div><\/div>\n<div>\n<div>Se trat\u00f3 en \u00faltimo t\u00e9rmino el Proyecto de Declarar de Inter\u00e9s Cultural la presentaci\u00f3n del libro \u201cDe la Breve Espera y la Esperanza Cierta\u201d, de autor\u00eda del sacerdote Rolando Camozzi Barrios, el que Sobre Tablas cosech\u00f3 el voto un\u00e1nime de los concejales presentes. El mismo ser\u00e1 presentado el 20 de agosto en Casa de la Cultura, a la hora 19,00.<\/div>\n<div><\/div>\n<div><i><b>Marcos Gonz\u00e1lez:<\/b><\/i><\/div>\n<\/div>\n<div><\/div>\n<div>\n<div>Luego de que por Secretar\u00eda se diera lectura del proyecto, el concejal del Partido Justicialista Marcos Gonz\u00e1lez agreg\u00f3 que el HCD tiene muchos antecedentes de apoyo, normativos y de jurisprudencia sobre la producci\u00f3n de libros.<\/div>\n<div><\/div>\n<div>Record\u00f3 que hace pocos d\u00edas se record\u00f3 el D\u00eda del Escritor Goyano, instituido por Ordenanza N\u00b0 1.497 en el a\u00f1o 2010, en conmemoraci\u00f3n del escritor Bernardo Celestino Ranalletti, y en ese contexto es que la SADE Seccional Goya recibe al padre Rolando Camozzi Barrios, con el apoyo de la Coordinaci\u00f3n de Asuntos Culturales del Municipio de Goya.<\/div>\n<div><\/div>\n<div>Reiter\u00f3 la invitaci\u00f3n enviada por la SADE Seccional Goya, y pidi\u00f3 el acompa\u00f1amiento de sus pares, el que cosech\u00f3 un\u00e1nimemente.<\/div>\n<\/div>\n<div><\/div>\n<div>\n<div><b>Libre Uso de la Palabra<\/b><\/div>\n<div><\/div>\n<div>Finalizado el abordaje de los temas propuestos en el Orden del D\u00eda de la convocatoria y de los incorporados y tratados Sobre Tablas, el Presidente del cuerpo, el Viceintendente Sebasti\u00e1n Mazzaro invit\u00f3 a los presentes a expresarse en el Libre Uso de la Palabra<\/div>\n<div><\/div>\n<div><b><i>Nahuel Cabrol:<\/i><\/b><\/div>\n<\/div>\n<div><\/div>\n<div>\n<div>As\u00ed lo hizo en primer t\u00e9rmino el concejal de La Libertad Avanza Nahuel Cabrol, quien coment\u00f3 que la Comisi\u00f3n de Planeamiento, Obras y Servicios P\u00fablicos del HCD, no se re\u00fane hace dos semanas, y que estuvo solo en su momento y que el martes fueron solo dos los concejales que concurrieron a la reuni\u00f3n de trabajo.<\/div>\n<div><\/div>\n<div>Afirm\u00f3 que va a seguir cumpliendo con los vecinos y asistiendo a las reuniones que corresponden, ya que los vecinos quieren que se trabaje y se den respuestas, para lo cual es necesario que concurran y den el quorum requerido.<\/div>\n<div><\/div>\n<div>Reiter\u00f3 finalmente su deseo de dejar constancia de esa situaci\u00f3n y pidi\u00f3 por el normal funcionamiento de esa comisi\u00f3n.<\/div>\n<div><\/div>\n<div><\/div>\n<div><b>Sabina Valeria Calvi:<\/b><\/div>\n<\/div>\n<div><\/div>\n<div>\n<div>Intervino tambi\u00e9n en ese segmento la concejal de la UCR Disidente Sabina Valeria Calvi, quien dijo que quer\u00eda reiterar un pedido de varios concejales sobre el no tratamiento de los proyectos presentados por la minor\u00eda.<\/div>\n<div><\/div>\n<div>Mencion\u00f3 que el 70 o 75 por ciento de los proyectos fueron presentados por la minor\u00eda, y que pensaba que algunos de ese c\u00famulo de proyectos deben tener importancia, ya que algunos son referidos a temas de salud, otros a barrios, hay pedidos de informes, hay muchos presentados y salvo excepciones ni siquiera son tratados, dijo la edil.<\/div>\n<div><\/div>\n<div>Record\u00f3 que las funciones de los presidentes y secretarios de comisiones, no es la de elegir qu\u00e9 proyectos o no ser\u00e1n tratados, sino que es la firmar los despachos de las mismas<\/div>\n<div><\/div>\n<div>\u201cTenemos que aunar criterios y determinar cu\u00e1les son los proyectos importantes, que fueron presentados hace mucho tiempo y darles prioridad\u201d, dijo la concejal Calvi.<\/div>\n<div><\/div>\n<div>Agreg\u00f3 que entend\u00eda que los proyectos del DEM pudieran tener cierta prioridad en algunos de ellos, como el que se debi\u00f3 haber tratado en esa fecha, \u201cpero que con bu en tino se volvi\u00f3 a comisi\u00f3n\u201d, analiz\u00f3 y asever\u00f3 que la ciudadan\u00eda deber\u00eda saber que ese grupo de concejales de la minor\u00eda, que no son un bloque porque pertenecen a distintos espacios pol\u00edticos, presentaron desde marzo un mont\u00f3n de proyectos que hacen al bienestar com\u00fan.<\/div>\n<div><\/div>\n<div>Indic\u00f3 que los proyectos se aprueban, se rechazan o se modifican y le dijo al oficialismo que si no les gusta un proyecto, deber\u00edan emitir un despacho rechaz\u00e1ndolo, pero que deber\u00edan tratarlo.<\/div>\n<\/div>\n<div><\/div>\n<div>\n<div>Acot\u00f3 esos conceptos y dijo que ten\u00eda tres proyectos presentados sobre el pedido que le hicieran los Bomberos Voluntarios de Goya, sobre los que dijo que se los va a necesitar y van a estar presentes cuando se acent\u00faen las consecuencias de El Ni\u00f1o, que necesitan poder disponer de personal bomberil y que prestan trabajo municipal.<\/div>\n<div><\/div>\n<div>Profundiz\u00f3 esos conceptos y dijo que present\u00f3 tres proyectos sobre ese tema en distintas comisiones, y que si no los van a tomar que se animen a expedirse diciendo que no estaban de acuerdo, que los fundamenten, y que entonces se podr\u00e1 dar una respuesta a los bomberos voluntarios sobre su pedido.<\/div>\n<div><\/div>\n<div>Desarroll\u00f3 el tema y dijo que en la Carta Org\u00e1nica Municipal, en el art\u00edculo 78, Inciso 38, tienen la facultad de dictar normas de seguridad, apoyar el servicio de bomberos, y reiter\u00f3 el pedido de que si no est\u00e1n de acuerdo, los traten y dictaminen en consecuencia.<\/div>\n<div><\/div>\n<div>Se refiri\u00f3 asimismo a la construcci\u00f3n de nichos en el Cementerio La Soledad, exponiendo que le parec\u00eda bien que se trate el sistema de elevadores, pero que cre\u00eda que hab\u00eda prioridades<\/div>\n<div><\/div>\n<div><i><b>Eladia Fern\u00e1ndez:<\/b><\/i><\/div>\n<\/div>\n<div><\/div>\n<div>\n<div>En tanto que la concejal de Nuevo Encuentro Eladia Fern\u00e1ndez, quien se refiri\u00f3 al proyecto de ordenanza sobre la colocaci\u00f3n de de Ripio en 300 metros en Punta Maruchas.<\/div>\n<div><\/div>\n<div>Coment\u00f3 que ese ripio era muy necesario, sobre todo ahora en que se avecinan las consecuencias de la Corriente de El Ni\u00f1o, lo que dijo, consideraba que era una urgencia<\/div>\n<\/div>\n<div><\/div>\n<div><i><b>Marcos Gonz\u00e1lez:<\/b><\/i><\/div>\n<div><\/div>\n<div>\n<div>Finalmente, el conceja del Partido Justicialista Marcos Gonz\u00e1lez, dijo adherir en su totalidad a lo expresado por su par Calvi, y reiter\u00f3 que se necesita una mayor celeridad en las comisiones para descomprimir la cantidad de proyectos presentados, pero los que requieran un tratamiento expeditivo, como los que env\u00eda el DEM, que tengan al menos un m\u00ednimo tratamiento, que sean le\u00eddos o estudiados, ya que se recibieron proyectos que ni siquiera tuvieron una revisi\u00f3n ortogr\u00e1fica, y es una verg\u00fcenza la redacci\u00f3n de algunos proyectos que llegan al recinto.<\/div>\n<div>Pidi\u00f3 enf\u00e1ticamente que m\u00ednimamente se sienten a leerlos y a corregir la ortograf\u00eda, y pidi\u00f3 que las comisiones cumplan con su tarea, que estudien los proyectos, que se de participaci\u00f3n a todos los concejales.<\/div>\n<div><\/div>\n<div>Adem\u00e1s, Marcos Gonz\u00e1lez record\u00f3 que enviaron una nota a las autoridades pidiendo la creaci\u00f3n de un archivo digital, para que los proyectos est\u00e9n al alcance de toda la ciudadan\u00eda, aclarando en qu\u00e9 situaci\u00f3n y comisi\u00f3n est\u00e1, ya que no es \u00fanicamente el mandato inferido por la ciudadan\u00eda la aprobaci\u00f3n de proyectos de inter\u00e9s u otros que env\u00eda el DEM de un d\u00eda para otro, y que por eso hay proyectos sobre adecuaci\u00f3n normativa.<\/div>\n<div><\/div>\n<div>En ese sentido, dijo que apoyaba plenamente el compromiso de muchos hoy concejales de creaci\u00f3n de un digesto, que est\u00e1 pendiente desde hace mucho tiempo.<\/div>\n<div><\/div>\n<div>Tras esta \u00faltima intervenci\u00f3n, el Viceintendente Municipal y Presidente del HCD, Sebasti\u00e1n Mazzaro, dio por finalizada la 14\u00b0 Sesi\u00f3n Ordinaria de 2026.-<\/div>\n<\/div>\n<div>\n<div><\/div>\n<\/div>\n","protected":false},"excerpt":{"rendered":"<p>Todos estos temas fueron aprobados por unanimidad Sobre Tablas en la Sesi\u00f3n Ordinaria del HCD de Goya de 19 de agosto, en tanto que la autorizaci\u00f3n para que el DEM firme un convenio con empresa privada para el uso de software de Sistema de Gesti\u00f3n de Salud comunal, fue enviada nuevamente a la comisi\u00f3n de [&hellip;]<\/p>\n","protected":false},"author":2,"featured_media":12662,"comment_status":"open","ping_status":"open","sticky":false,"template":"","format":"standard","meta":{"footnotes":""},"categories":[77],"tags":[],"class_list":["post-12661","post","type-post","status-publish","format-standard","has-post-thumbnail","category-local"],"_links":{"self":[{"href":"https:\/\/radiokissnoticias.com.ar\/web\/wp-json\/wp\/v2\/posts\/12661","targetHints":{"allow":["GET"]}}],"collection":[{"href":"https:\/\/radiokissnoticias.com.ar\/web\/wp-json\/wp\/v2\/posts"}],"about":[{"href":"https:\/\/radiokissnoticias.com.ar\/web\/wp-json\/wp\/v2\/types\/post"}],"author":[{"embeddable":true,"href":"https:\/\/radiokissnoticias.com.ar\/web\/wp-json\/wp\/v2\/users\/2"}],"replies":[{"embeddable":true,"href":"https:\/\/radiokissnoticias.com.ar\/web\/wp-json\/wp\/v2\/comments?post=12661"}],"version-history":[{"count":1,"href":"https:\/\/radiokissnoticias.com.ar\/web\/wp-json\/wp\/v2\/posts\/12661\/revisions"}],"predecessor-version":[{"id":12663,"href":"https:\/\/radiokissnoticias.com.ar\/web\/wp-json\/wp\/v2\/posts\/12661\/revisions\/12663"}],"wp:featuredmedia":[{"embeddable":true,"href":"https:\/\/radiokissnoticias.com.ar\/web\/wp-json\/wp\/v2\/media\/12662"}],"wp:attachment":[{"href":"https:\/\/radiokissnoticias.com.ar\/web\/wp-json\/wp\/v2\/media?parent=12661"}],"wp:term":[{"taxonomy":"category","embeddable":true,"href":"https:\/\/radiokissnoticias.com.ar\/web\/wp-json\/wp\/v2\/categories?post=12661"},{"taxonomy":"post_tag","embeddable":true,"href":"https:\/\/radiokissnoticias.com.ar\/web\/wp-json\/wp\/v2\/tags?post=12661"}],"curies":[{"name":"wp","href":"https:\/\/api.w.org\/{rel}","templated":true}]}}