{"id":12653,"date":"2026-08-19T21:42:17","date_gmt":"2026-08-20T00:42:17","guid":{"rendered":"https:\/\/radiokissnoticias.com.ar\/web\/?p=12653"},"modified":"2026-08-19T21:42:17","modified_gmt":"2026-08-20T00:42:17","slug":"con-cupos-limitados-a-9-anos-de-su-creacion-munay-impulsa-una-diplomatura-universitaria-para-fortalecer-la-inclusion","status":"publish","type":"post","link":"https:\/\/radiokissnoticias.com.ar\/web\/2026\/08\/19\/con-cupos-limitados-a-9-anos-de-su-creacion-munay-impulsa-una-diplomatura-universitaria-para-fortalecer-la-inclusion\/","title":{"rendered":"Con cupos limitados: A 9 a\u00f1os de su creaci\u00f3n, Munay impulsa una diplomatura universitaria para fortalecer la inclusi\u00f3n"},"content":{"rendered":"<p><img loading=\"lazy\" decoding=\"async\" class=\"alignnone size-medium wp-image-12655\" src=\"https:\/\/radiokissnoticias.com.ar\/web\/wp-content\/uploads\/2026\/08\/descarga-2026-08-19T214034.857-300x225.jpeg\" alt=\"\" width=\"300\" height=\"225\" srcset=\"https:\/\/radiokissnoticias.com.ar\/web\/wp-content\/uploads\/2026\/08\/descarga-2026-08-19T214034.857-300x225.jpeg 300w, https:\/\/radiokissnoticias.com.ar\/web\/wp-content\/uploads\/2026\/08\/descarga-2026-08-19T214034.857-1024x768.jpeg 1024w, https:\/\/radiokissnoticias.com.ar\/web\/wp-content\/uploads\/2026\/08\/descarga-2026-08-19T214034.857-768x576.jpeg 768w, https:\/\/radiokissnoticias.com.ar\/web\/wp-content\/uploads\/2026\/08\/descarga-2026-08-19T214034.857-560x420.jpeg 560w, https:\/\/radiokissnoticias.com.ar\/web\/wp-content\/uploads\/2026\/08\/descarga-2026-08-19T214034.857-80x60.jpeg 80w, https:\/\/radiokissnoticias.com.ar\/web\/wp-content\/uploads\/2026\/08\/descarga-2026-08-19T214034.857-696x522.jpeg 696w, https:\/\/radiokissnoticias.com.ar\/web\/wp-content\/uploads\/2026\/08\/descarga-2026-08-19T214034.857-1068x801.jpeg 1068w, https:\/\/radiokissnoticias.com.ar\/web\/wp-content\/uploads\/2026\/08\/descarga-2026-08-19T214034.857-265x198.jpeg 265w, https:\/\/radiokissnoticias.com.ar\/web\/wp-content\/uploads\/2026\/08\/descarga-2026-08-19T214034.857.jpeg 1440w\" sizes=\"auto, (max-width: 300px) 100vw, 300px\" \/><\/p>\n<p><img loading=\"lazy\" decoding=\"async\" class=\"alignnone size-medium wp-image-12656\" src=\"https:\/\/radiokissnoticias.com.ar\/web\/wp-content\/uploads\/2026\/08\/descarga-2026-08-19T214045.623-300x225.jpeg\" alt=\"\" width=\"300\" height=\"225\" srcset=\"https:\/\/radiokissnoticias.com.ar\/web\/wp-content\/uploads\/2026\/08\/descarga-2026-08-19T214045.623-300x225.jpeg 300w, https:\/\/radiokissnoticias.com.ar\/web\/wp-content\/uploads\/2026\/08\/descarga-2026-08-19T214045.623-1024x768.jpeg 1024w, https:\/\/radiokissnoticias.com.ar\/web\/wp-content\/uploads\/2026\/08\/descarga-2026-08-19T214045.623-768x576.jpeg 768w, https:\/\/radiokissnoticias.com.ar\/web\/wp-content\/uploads\/2026\/08\/descarga-2026-08-19T214045.623-560x420.jpeg 560w, https:\/\/radiokissnoticias.com.ar\/web\/wp-content\/uploads\/2026\/08\/descarga-2026-08-19T214045.623-80x60.jpeg 80w, https:\/\/radiokissnoticias.com.ar\/web\/wp-content\/uploads\/2026\/08\/descarga-2026-08-19T214045.623-696x522.jpeg 696w, https:\/\/radiokissnoticias.com.ar\/web\/wp-content\/uploads\/2026\/08\/descarga-2026-08-19T214045.623-1068x801.jpeg 1068w, https:\/\/radiokissnoticias.com.ar\/web\/wp-content\/uploads\/2026\/08\/descarga-2026-08-19T214045.623-265x198.jpeg 265w, https:\/\/radiokissnoticias.com.ar\/web\/wp-content\/uploads\/2026\/08\/descarga-2026-08-19T214045.623.jpeg 1440w\" sizes=\"auto, (max-width: 300px) 100vw, 300px\" \/><\/p>\n<p>En el marco de su noveno aniversario y consolidando su crecimiento institucional, la Asociaci\u00f3n Civil de Familias de Personas con Discapacidad Munay anunci\u00f3 el lanzamiento de la &#8220;Diplomatura Universitaria en Agentes de Apoyo para la Inclusi\u00f3n, la Autonom\u00eda y los Cuidados&#8221;, una propuesta formativa in\u00e9dita en la ciudad que surge del convenio con la Facultad de Medicina de la Universidad Nacional del Nordeste (UNNE). La inscripci\u00f3n ya se encuentra abierta, con inicio previsto para septiembre, modalidad presencial y cupos limitados.<\/p>\n<p>El anuncio fue realizado por la fundadora de la entidad, Delfina Jara, durante una entrevista radial en la que destac\u00f3 la importancia del acuerdo alcanzado con la universidad. &#8220;Esto no es un curso m\u00e1s, no es un taller, es una diplomatura universitaria&#8221;, subray\u00f3, al tiempo que valor\u00f3 la confianza depositada en la asociaci\u00f3n para avanzar con esta iniciativa acad\u00e9mica.<\/p>\n<p>La diplomatura se dictar\u00e1 en el Centro Regional UNNE Goya, ubicado en Col\u00f3n 538, bajo un formato intensivo de cuatro s\u00e1bados consecutivos a partir del 12 de septiembre. La certificaci\u00f3n ser\u00e1 otorgada por la Facultad de Medicina de la UNNE (Res. 1688\/18-C.S.), sujeta a condiciones y evaluaciones, lo que garantiza el respaldo acad\u00e9mico de la propuesta.<\/p>\n<p>Seg\u00fan explic\u00f3 Jara, el proyecto responde a una necesidad concreta detectada en el trabajo cotidiano con familias. &#8220;Muchas veces no tenemos con qui\u00e9n dejar a nuestros hijos. Esa realidad nos llev\u00f3 a pensar en la formaci\u00f3n de personas capacitadas para acompa\u00f1ar&#8221;, expres\u00f3, aludiendo tambi\u00e9n a su experiencia personal como madre de una joven con s\u00edndrome de Down.<\/p>\n<p>En este sentido, la diplomatura est\u00e1 orientada a mayores de 18 a\u00f1os \u2014con o sin t\u00edtulo secundario\u2014 e incluye a familiares, cuidadores, voluntarios, trabajadores comunitarios y p\u00fablico en general interesado en la tem\u00e1tica. &#8220;Es tambi\u00e9n una salida laboral para j\u00f3venes, porque brinda herramientas para comprender a la persona que cuidan, saber qu\u00e9 hacer y qu\u00e9 evitar&#8221;, agreg\u00f3.<\/p>\n<p>La formaci\u00f3n estar\u00e1 a cargo de un equipo integrado por dos profesionales de Goya y entre dos y tres especialistas provenientes de la Facultad de Medicina de la UNNE, quienes abordar\u00e1n distintos m\u00f3dulos tem\u00e1ticos. El trayecto incluir\u00e1 adem\u00e1s un trabajo integrador final y evaluaciones, reforzando su car\u00e1cter acad\u00e9mico.<\/p>\n<p>personas que requieren asistencia, al tiempo que abre nuevas oportunidades de formaci\u00f3n y empleo en la ciudad. &#8220;Ojal\u00e1 podamos seguir cumpliendo con nuestra misi\u00f3n de bien social&#8221;, concluy\u00f3.<\/p>\n<p>Direcci\u00f3n de Prensa \u2013 Municipalidad de Goya.<\/p>\n","protected":false},"excerpt":{"rendered":"<p>En el marco de su noveno aniversario y consolidando su crecimiento institucional, la Asociaci\u00f3n Civil de Familias de Personas con Discapacidad Munay anunci\u00f3 el lanzamiento de la &#8220;Diplomatura Universitaria en Agentes de Apoyo para la Inclusi\u00f3n, la Autonom\u00eda y los Cuidados&#8221;, una propuesta formativa in\u00e9dita en la ciudad que surge del convenio con la Facultad [&hellip;]<\/p>\n","protected":false},"author":2,"featured_media":12654,"comment_status":"open","ping_status":"open","sticky":false,"template":"","format":"standard","meta":{"footnotes":""},"categories":[77],"tags":[],"class_list":["post-12653","post","type-post","status-publish","format-standard","has-post-thumbnail","category-local"],"_links":{"self":[{"href":"https:\/\/radiokissnoticias.com.ar\/web\/wp-json\/wp\/v2\/posts\/12653","targetHints":{"allow":["GET"]}}],"collection":[{"href":"https:\/\/radiokissnoticias.com.ar\/web\/wp-json\/wp\/v2\/posts"}],"about":[{"href":"https:\/\/radiokissnoticias.com.ar\/web\/wp-json\/wp\/v2\/types\/post"}],"author":[{"embeddable":true,"href":"https:\/\/radiokissnoticias.com.ar\/web\/wp-json\/wp\/v2\/users\/2"}],"replies":[{"embeddable":true,"href":"https:\/\/radiokissnoticias.com.ar\/web\/wp-json\/wp\/v2\/comments?post=12653"}],"version-history":[{"count":1,"href":"https:\/\/radiokissnoticias.com.ar\/web\/wp-json\/wp\/v2\/posts\/12653\/revisions"}],"predecessor-version":[{"id":12657,"href":"https:\/\/radiokissnoticias.com.ar\/web\/wp-json\/wp\/v2\/posts\/12653\/revisions\/12657"}],"wp:featuredmedia":[{"embeddable":true,"href":"https:\/\/radiokissnoticias.com.ar\/web\/wp-json\/wp\/v2\/media\/12654"}],"wp:attachment":[{"href":"https:\/\/radiokissnoticias.com.ar\/web\/wp-json\/wp\/v2\/media?parent=12653"}],"wp:term":[{"taxonomy":"category","embeddable":true,"href":"https:\/\/radiokissnoticias.com.ar\/web\/wp-json\/wp\/v2\/categories?post=12653"},{"taxonomy":"post_tag","embeddable":true,"href":"https:\/\/radiokissnoticias.com.ar\/web\/wp-json\/wp\/v2\/tags?post=12653"}],"curies":[{"name":"wp","href":"https:\/\/api.w.org\/{rel}","templated":true}]}}