{"id":12645,"date":"2026-08-19T21:29:04","date_gmt":"2026-08-20T00:29:04","guid":{"rendered":"https:\/\/radiokissnoticias.com.ar\/web\/?p=12645"},"modified":"2026-08-19T21:29:04","modified_gmt":"2026-08-20T00:29:04","slug":"regreso-a-caa-cati-el-viaje-de-las-hermanas-vera-una-produccion-de-la-universidad-nacional-del-nordeste","status":"publish","type":"post","link":"https:\/\/radiokissnoticias.com.ar\/web\/2026\/08\/19\/regreso-a-caa-cati-el-viaje-de-las-hermanas-vera-una-produccion-de-la-universidad-nacional-del-nordeste\/","title":{"rendered":"REGRESO A CA\u00c1 CAT\u00cd: &#8220;El viaje de Las Hermanas Vera&#8221;, una producci\u00f3n de la Universidad Nacional del Nordeste"},"content":{"rendered":"<p><img loading=\"lazy\" decoding=\"async\" class=\"alignnone size-medium wp-image-12646\" src=\"https:\/\/radiokissnoticias.com.ar\/web\/wp-content\/uploads\/2026\/08\/descarga-2026-08-19T212750.863-240x300.jpeg\" alt=\"\" width=\"240\" height=\"300\" srcset=\"https:\/\/radiokissnoticias.com.ar\/web\/wp-content\/uploads\/2026\/08\/descarga-2026-08-19T212750.863-240x300.jpeg 240w, https:\/\/radiokissnoticias.com.ar\/web\/wp-content\/uploads\/2026\/08\/descarga-2026-08-19T212750.863-819x1024.jpeg 819w, https:\/\/radiokissnoticias.com.ar\/web\/wp-content\/uploads\/2026\/08\/descarga-2026-08-19T212750.863-768x960.jpeg 768w, https:\/\/radiokissnoticias.com.ar\/web\/wp-content\/uploads\/2026\/08\/descarga-2026-08-19T212750.863-336x420.jpeg 336w, https:\/\/radiokissnoticias.com.ar\/web\/wp-content\/uploads\/2026\/08\/descarga-2026-08-19T212750.863-696x870.jpeg 696w, https:\/\/radiokissnoticias.com.ar\/web\/wp-content\/uploads\/2026\/08\/descarga-2026-08-19T212750.863-1068x1335.jpeg 1068w, https:\/\/radiokissnoticias.com.ar\/web\/wp-content\/uploads\/2026\/08\/descarga-2026-08-19T212750.863.jpeg 1080w\" sizes=\"auto, (max-width: 240px) 100vw, 240px\" \/>Con un documental de las Hermanas Vera, la Unne celebra la memoria viva del chamam\u00e9 y el guaran\u00ed el pr\u00f3ximo mi\u00e9rcoles 26 de agosto desde las 20.30 en el Teatro Oficial Juan de Vera.<\/p>\n<p>&#8220;Regreso a Ca\u00e1 Cat\u00ed\u201d es una producci\u00f3n impulsada por la Universidad Nacional del Nordeste junto al Colectivo Syry que rescata la trayectoria de dos referentes fundamentales de la cultura correntina: Rafaela y Bonni Vera en un emotivo recorrido de la mano del gui\u00f3n y la direcci\u00f3n de la docente e investigadora de la Unne, Carolina Gandulfo.<\/p>\n<p>Recostadas sobre el pasto, junto a la laguna que abrazaba su casa familiar en Ca\u00e1 Cat\u00ed, dos ni\u00f1as levantaron la vista mientras un avi\u00f3n atravesaba el cielo correntino.<\/p>\n<p>&#8220;\u00bfMam\u00f3ta jah\u00e1r\u00f5 \u00f1ande? (\u00bfD\u00f3nde ir\u00edamos nosotras?)&#8221;\u2013, se preguntaban en guaran\u00ed.<\/p>\n<p>Aquellas ni\u00f1as imaginaban el mundo desde la orilla de una laguna y d\u00e9cadas despu\u00e9s, convertidas en una de las voces m\u00e1s representativas del chamam\u00e9 argentino, regresar\u00edan al pueblo donde todo comenz\u00f3 para reconstruir, canci\u00f3n tras canci\u00f3n y recuerdo tras recuerdo, la historia de una vida dedicada a la m\u00fasica.<\/p>\n<p>Ese viaje \u00edntimo y profundamente correntino es la esencia y el coraz\u00f3n de &#8220;Regreso a Ca\u00e1 Cat\u00ed. El viaje de las Hermanas Vera&#8221;, documental producido por la UNNE junto al Colectivo Syry, con el apoyo de la Municipalidad de Ca\u00e1 Cat\u00ed, Corrientes.<\/p>\n<p>La producci\u00f3n propone mucho m\u00e1s que una biograf\u00eda art\u00edstica. Es un recorrido por la memoria de un pueblo, por la lengua guaran\u00ed, por los afectos familiares y por una identidad cultural que atraviesa generaciones de habitantes del Nordeste.<\/p>\n<p>Las Hermanas Vera, hablantes del guaran\u00ed y referentes indiscutidas del chamam\u00e9 con 57 a\u00f1os de trayectoria, vuelven a caminar las calles donde crecieron mientras evocan su infancia, sus primeros escenarios y la emoci\u00f3n de regresar en 2018 para cantar por primera vez en su propio pueblo, ya consagradas tras medio siglo de carrera art\u00edstica.<\/p>\n<p>El documental nace de una iniciativa de la doctora Carolina Gandulfo, docente, investigadora de la UNNE y una de las principales especialistas en lengua y cultura guaran\u00ed del pa\u00eds, recientemente distinguida con el Premio Konex 2026.<\/p>\n<p>A partir de una inquietud expresada por las propias artistas, Gandulfo desarroll\u00f3 la investigaci\u00f3n, escribi\u00f3 el gui\u00f3n y dirigi\u00f3 la pel\u00edcula, transformando esa historia en un proyecto institucional impulsado por la universidad p\u00fablica. La UNNE decidi\u00f3 avanzar con el proyecto como una apuesta institucional por preservar y visibilizar el patrimonio cultural de la regi\u00f3n.<\/p>\n<p>Para la investigadora, este tipo de producciones expresan el verdadero sentido social de la Universidad Nacional del Nordeste.<\/p>\n<p>&#8220;Es muy relevante que nuestra universidad se ocupe de temas que son importantes para la gente de Corrientes y de toda la regi\u00f3n. Si la universidad p\u00fablica se debe a la sociedad, tambi\u00e9n debe reconocer, poner en valor y dar visibilidad a aquello que forma parte de su identidad\u2026 y as\u00ed lo hizo&#8221;, dijo.<\/p>\n<p>En ese sentido, destac\u00f3 que Las Hermanas Vera ocupan un lugar similar al del propio idioma guaran\u00ed dentro de la memoria colectiva: \u201cLas Hermanas Vera son parte de nuestra historia regional. Est\u00e1n presentes en los recuerdos de las familias, como el guaran\u00ed. La universidad tiene el deber de cuidar y visibilizar esos contenidos que hacen sentido a la vida de nuestra gente&#8221;.<\/p>\n<p>Gandulfo remarc\u00f3 adem\u00e1s el valor institucional de una apuesta de estas caracter\u00edsticas en el contexto actual. &#8220;En un momento tan complejo para las universidades p\u00fablicas, que la Unne haya decidido producir un documental de estas caracter\u00edsticas es una decisi\u00f3n profundamente significativa\u201d, se\u00f1al\u00f3.<\/p>\n<p>Acceso gratuito: Entradas disponibles en weepas.ar y boleter\u00eda del teatro, San Juan 637, de lunes a s\u00e1bados de 9 a 13 y de 17 a 21.<\/p>\n","protected":false},"excerpt":{"rendered":"<p>Con un documental de las Hermanas Vera, la Unne celebra la memoria viva del chamam\u00e9 y el guaran\u00ed el pr\u00f3ximo mi\u00e9rcoles 26 de agosto desde las 20.30 en el Teatro Oficial Juan de Vera. &#8220;Regreso a Ca\u00e1 Cat\u00ed\u201d es una producci\u00f3n impulsada por la Universidad Nacional del Nordeste junto al Colectivo Syry que rescata la [&hellip;]<\/p>\n","protected":false},"author":2,"featured_media":12647,"comment_status":"open","ping_status":"open","sticky":false,"template":"","format":"standard","meta":{"footnotes":""},"categories":[79],"tags":[],"class_list":["post-12645","post","type-post","status-publish","format-standard","has-post-thumbnail","category-provincia"],"_links":{"self":[{"href":"https:\/\/radiokissnoticias.com.ar\/web\/wp-json\/wp\/v2\/posts\/12645","targetHints":{"allow":["GET"]}}],"collection":[{"href":"https:\/\/radiokissnoticias.com.ar\/web\/wp-json\/wp\/v2\/posts"}],"about":[{"href":"https:\/\/radiokissnoticias.com.ar\/web\/wp-json\/wp\/v2\/types\/post"}],"author":[{"embeddable":true,"href":"https:\/\/radiokissnoticias.com.ar\/web\/wp-json\/wp\/v2\/users\/2"}],"replies":[{"embeddable":true,"href":"https:\/\/radiokissnoticias.com.ar\/web\/wp-json\/wp\/v2\/comments?post=12645"}],"version-history":[{"count":1,"href":"https:\/\/radiokissnoticias.com.ar\/web\/wp-json\/wp\/v2\/posts\/12645\/revisions"}],"predecessor-version":[{"id":12648,"href":"https:\/\/radiokissnoticias.com.ar\/web\/wp-json\/wp\/v2\/posts\/12645\/revisions\/12648"}],"wp:featuredmedia":[{"embeddable":true,"href":"https:\/\/radiokissnoticias.com.ar\/web\/wp-json\/wp\/v2\/media\/12647"}],"wp:attachment":[{"href":"https:\/\/radiokissnoticias.com.ar\/web\/wp-json\/wp\/v2\/media?parent=12645"}],"wp:term":[{"taxonomy":"category","embeddable":true,"href":"https:\/\/radiokissnoticias.com.ar\/web\/wp-json\/wp\/v2\/categories?post=12645"},{"taxonomy":"post_tag","embeddable":true,"href":"https:\/\/radiokissnoticias.com.ar\/web\/wp-json\/wp\/v2\/tags?post=12645"}],"curies":[{"name":"wp","href":"https:\/\/api.w.org\/{rel}","templated":true}]}}