{"id":12640,"date":"2026-08-19T21:24:25","date_gmt":"2026-08-20T00:24:25","guid":{"rendered":"https:\/\/radiokissnoticias.com.ar\/web\/?p=12640"},"modified":"2026-08-19T21:24:25","modified_gmt":"2026-08-20T00:24:25","slug":"coro-polifonico-municipal-profesora-elidia-andino-celebracion-de-su-43o-aniversario-fomentando-el-arte-coral-y-la-cultura","status":"publish","type":"post","link":"https:\/\/radiokissnoticias.com.ar\/web\/2026\/08\/19\/coro-polifonico-municipal-profesora-elidia-andino-celebracion-de-su-43o-aniversario-fomentando-el-arte-coral-y-la-cultura\/","title":{"rendered":"Coro Polif\u00f3nico Municipal Profesora &#8220;Elidia Andino&#8221;: celebraci\u00f3n de su 43\u00ba aniversario fomentando el arte coral y la cultura"},"content":{"rendered":"<p>El director del Coro Polif\u00f3nico del Club Social de Curuz\u00fa Cuati\u00e1, Gerardo Barrientos mand\u00f3 una conceptuosa salutaci\u00f3n al Coro Polif\u00f3nico &#8220;Elidia Andino&#8221; con motivo de cumplirse su 43\u00ba Aniversario.<\/p>\n<p>El mensaje de felicitaciones dirigido al Coro Polif\u00f3nico de la Ciudad de Goya &#8220;Elidia Andino&#8221; dice textualmente lo siguiente:<\/p>\n<p>&#8220;En este nuevo aniversario queremos expresarles nuestro m\u00e1s sincero reconocimiento por su invaluable aporte al arte coral, por su compromiso con la cultura, por el trabajo constante y por ser un faro de inspiraci\u00f3n para todos los que amamos la m\u00fasica.<\/p>\n<p>Que estos 43 a\u00f1os sean tambi\u00e9n el impulso para seguir compartiendo su talento, su pasi\u00f3n y su hermosa misi\u00f3n de unir corazones a trav\u00e9s del canto.<\/p>\n<p>Reciban un abrazo fraterno y nuestros mejores deseos para que sigan cosechando muchos m\u00e1s a\u00f1os de m\u00fasica y amistad&#8221;.<\/p>\n<p>Direcci\u00f3n de Prensa \u2013 Municipalidad de Goya.<\/p>\n","protected":false},"excerpt":{"rendered":"<p>El director del Coro Polif\u00f3nico del Club Social de Curuz\u00fa Cuati\u00e1, Gerardo Barrientos mand\u00f3 una conceptuosa salutaci\u00f3n al Coro Polif\u00f3nico &#8220;Elidia Andino&#8221; con motivo de cumplirse su 43\u00ba Aniversario. El mensaje de felicitaciones dirigido al Coro Polif\u00f3nico de la Ciudad de Goya &#8220;Elidia Andino&#8221; dice textualmente lo siguiente: &#8220;En este nuevo aniversario queremos expresarles nuestro [&hellip;]<\/p>\n","protected":false},"author":2,"featured_media":12641,"comment_status":"open","ping_status":"open","sticky":false,"template":"","format":"standard","meta":{"footnotes":""},"categories":[77],"tags":[],"class_list":["post-12640","post","type-post","status-publish","format-standard","has-post-thumbnail","category-local"],"_links":{"self":[{"href":"https:\/\/radiokissnoticias.com.ar\/web\/wp-json\/wp\/v2\/posts\/12640","targetHints":{"allow":["GET"]}}],"collection":[{"href":"https:\/\/radiokissnoticias.com.ar\/web\/wp-json\/wp\/v2\/posts"}],"about":[{"href":"https:\/\/radiokissnoticias.com.ar\/web\/wp-json\/wp\/v2\/types\/post"}],"author":[{"embeddable":true,"href":"https:\/\/radiokissnoticias.com.ar\/web\/wp-json\/wp\/v2\/users\/2"}],"replies":[{"embeddable":true,"href":"https:\/\/radiokissnoticias.com.ar\/web\/wp-json\/wp\/v2\/comments?post=12640"}],"version-history":[{"count":1,"href":"https:\/\/radiokissnoticias.com.ar\/web\/wp-json\/wp\/v2\/posts\/12640\/revisions"}],"predecessor-version":[{"id":12642,"href":"https:\/\/radiokissnoticias.com.ar\/web\/wp-json\/wp\/v2\/posts\/12640\/revisions\/12642"}],"wp:featuredmedia":[{"embeddable":true,"href":"https:\/\/radiokissnoticias.com.ar\/web\/wp-json\/wp\/v2\/media\/12641"}],"wp:attachment":[{"href":"https:\/\/radiokissnoticias.com.ar\/web\/wp-json\/wp\/v2\/media?parent=12640"}],"wp:term":[{"taxonomy":"category","embeddable":true,"href":"https:\/\/radiokissnoticias.com.ar\/web\/wp-json\/wp\/v2\/categories?post=12640"},{"taxonomy":"post_tag","embeddable":true,"href":"https:\/\/radiokissnoticias.com.ar\/web\/wp-json\/wp\/v2\/tags?post=12640"}],"curies":[{"name":"wp","href":"https:\/\/api.w.org\/{rel}","templated":true}]}}