{"id":12628,"date":"2026-08-19T20:50:26","date_gmt":"2026-08-19T23:50:26","guid":{"rendered":"https:\/\/radiokissnoticias.com.ar\/web\/?p=12628"},"modified":"2026-08-19T20:50:26","modified_gmt":"2026-08-19T23:50:26","slug":"suenos-compartidos-la-defensa-de-schoklender-pidio-la-absolucion-porque-la-causa-tiene-un-tinte-politico","status":"publish","type":"post","link":"https:\/\/radiokissnoticias.com.ar\/web\/2026\/08\/19\/suenos-compartidos-la-defensa-de-schoklender-pidio-la-absolucion-porque-la-causa-tiene-un-tinte-politico\/","title":{"rendered":"Sue\u00f1os Compartidos: la defensa de Schoklender pidi\u00f3 la absoluci\u00f3n porque la causa tiene un \u201ctinte pol\u00edtico\u201d"},"content":{"rendered":"<p>El ex apoderado de la Fundaci\u00f3n Madres de Plaza de Mayo busca no ser juzgado. La fiscal\u00eda pidi\u00f3 seis a\u00f1os de prisi\u00f3n.<\/p>\n<p>Los abogados de Sergio Schoklender presentaron su alegato en el marco de la Causa Sue\u00f1os Compartidos, en el que pidieron la absoluci\u00f3n del ex apoderado de la Fundaci\u00f3n Madres de Plaza de Mayo y cuestionaron que las acusaciones en su contra tienen un \u201ctinte pol\u00edtico\u201d.<\/p>\n<p>El abogado Hern\u00e1n Figueroa apunt\u00f3 que el imputado no deber\u00eda ser juzgado debido al paso del tiempo que lleva la causa. \u201cVamos a volver a insistir sobre la duraci\u00f3n del proceso, la cuesti\u00f3n relativa al plazo razonable, que consideramos que se encuentra violado\u201d, expres\u00f3.<\/p>\n<p>Mencion\u00f3 que \u201cla \u00fanica soluci\u00f3n ajustada a derecho es la absoluci\u00f3n\u201d de Sergio Schoklender, quien estuvo presente ante el Tribunal Oral en lo Criminal Federal (TOCF) N\u00b05 en Comodoro Py, ya que consideran que el hecho por el que se lo acusa \u201cno se cometi\u00f3\u201d.<\/p>\n<p>Durante su presentaci\u00f3n, el abogado Alan Swanston cuestion\u00f3 los cambios de los acusadores sobre el presunto desv\u00edo de m\u00e1s de $206 millones de fondos p\u00fablicos destinados al programa Sue\u00f1os Compartidos, a trav\u00e9s del cual se iban a construir viviendas sociales.<\/p>\n<p>La defensa del exapoderado de la Fundaci\u00f3n Madres de Plaza de Mayo dijo que quisieron endilgarle el haber intentado ocultar o robar documentaci\u00f3n para paralizar la investigaci\u00f3n, algo que afirman no ocurri\u00f3.<\/p>\n<p>Mencion\u00f3 que la fundaci\u00f3n de la entidad en ese entonces comandada por Hebe de Bonafini \u201caportaba pruebas a cuentagotas\u201d. Tambi\u00e9n mencion\u00f3 los videos de las c\u00e1maras de seguridad de la sede de la fundaci\u00f3n en los que se ver\u00eda a Schoklender junto a otras personas llevando bolsas con documentaci\u00f3n, los cuales \u201ca\u00fan no se han visto\u201d.<\/p>\n<p>En ese sentido, el abogado se\u00f1al\u00f3 que un testigo dijo que la fundaci\u00f3n hab\u00eda llevado la documentaci\u00f3n a otro edificio que manejaba un fideicomiso. \u201cLa documentaci\u00f3n la retuvieron. No se la hab\u00edan llevado ni Sergio, ni Pablo (Shoklender), sino la propia administraci\u00f3n\u201d, agreg\u00f3.<\/p>\n<p>Por otro lado, resalt\u00f3 que \u201cno se puede sostener que las obras no se hicieron\u201d. Critic\u00f3 que ninguno de los acusadores \u201cse preocup\u00f3 por ver el estado en el que est\u00e1n\u201d, y que las acusaciones contra Schoklender tienen un \u201ctinte pol\u00edtico\u201d.<\/p>\n","protected":false},"excerpt":{"rendered":"<p>El ex apoderado de la Fundaci\u00f3n Madres de Plaza de Mayo busca no ser juzgado. La fiscal\u00eda pidi\u00f3 seis a\u00f1os de prisi\u00f3n. Los abogados de Sergio Schoklender presentaron su alegato en el marco de la Causa Sue\u00f1os Compartidos, en el que pidieron la absoluci\u00f3n del ex apoderado de la Fundaci\u00f3n Madres de Plaza de Mayo [&hellip;]<\/p>\n","protected":false},"author":2,"featured_media":12629,"comment_status":"open","ping_status":"open","sticky":false,"template":"","format":"standard","meta":{"footnotes":""},"categories":[78],"tags":[],"class_list":["post-12628","post","type-post","status-publish","format-standard","has-post-thumbnail","category-nacional"],"_links":{"self":[{"href":"https:\/\/radiokissnoticias.com.ar\/web\/wp-json\/wp\/v2\/posts\/12628","targetHints":{"allow":["GET"]}}],"collection":[{"href":"https:\/\/radiokissnoticias.com.ar\/web\/wp-json\/wp\/v2\/posts"}],"about":[{"href":"https:\/\/radiokissnoticias.com.ar\/web\/wp-json\/wp\/v2\/types\/post"}],"author":[{"embeddable":true,"href":"https:\/\/radiokissnoticias.com.ar\/web\/wp-json\/wp\/v2\/users\/2"}],"replies":[{"embeddable":true,"href":"https:\/\/radiokissnoticias.com.ar\/web\/wp-json\/wp\/v2\/comments?post=12628"}],"version-history":[{"count":1,"href":"https:\/\/radiokissnoticias.com.ar\/web\/wp-json\/wp\/v2\/posts\/12628\/revisions"}],"predecessor-version":[{"id":12630,"href":"https:\/\/radiokissnoticias.com.ar\/web\/wp-json\/wp\/v2\/posts\/12628\/revisions\/12630"}],"wp:featuredmedia":[{"embeddable":true,"href":"https:\/\/radiokissnoticias.com.ar\/web\/wp-json\/wp\/v2\/media\/12629"}],"wp:attachment":[{"href":"https:\/\/radiokissnoticias.com.ar\/web\/wp-json\/wp\/v2\/media?parent=12628"}],"wp:term":[{"taxonomy":"category","embeddable":true,"href":"https:\/\/radiokissnoticias.com.ar\/web\/wp-json\/wp\/v2\/categories?post=12628"},{"taxonomy":"post_tag","embeddable":true,"href":"https:\/\/radiokissnoticias.com.ar\/web\/wp-json\/wp\/v2\/tags?post=12628"}],"curies":[{"name":"wp","href":"https:\/\/api.w.org\/{rel}","templated":true}]}}