{"id":12496,"date":"2026-08-18T11:36:22","date_gmt":"2026-08-18T14:36:22","guid":{"rendered":"https:\/\/radiokissnoticias.com.ar\/web\/?p=12496"},"modified":"2026-08-18T11:36:22","modified_gmt":"2026-08-18T14:36:22","slug":"monsenor-canecin-acompano-los-40-anos-de-sacerdocio-del-padre-norberto-damelio","status":"publish","type":"post","link":"https:\/\/radiokissnoticias.com.ar\/web\/2026\/08\/18\/monsenor-canecin-acompano-los-40-anos-de-sacerdocio-del-padre-norberto-damelio\/","title":{"rendered":"Monse\u00f1or Canecin acompa\u00f1\u00f3 los 40 a\u00f1os de sacerdocio del padre Norberto Damelio"},"content":{"rendered":"<p><img decoding=\"async\" src=\"https:\/\/www.powernoticias.com\/images\/202608181155000636\" \/><\/p>\n<p><img decoding=\"async\" src=\"https:\/\/www.powernoticias.com\/images\/202608181154503363\" \/><\/p>\n<p><img decoding=\"async\" src=\"https:\/\/www.powernoticias.com\/images\/202608181154379966\" \/><\/p>\n<p>En la solemnidad de la Asunci\u00f3n de la Bienaventurada Virgen Mar\u00eda, el obispo de Goya, monse\u00f1or Adolfo Ram\u00f3n Canecin, presidi\u00f3 el s\u00e1bado 15 de agosto una misa en la parroquia Nuestra Se\u00f1ora del Pilar de Curuz\u00fa Cuati\u00e1, con motivo de los 40 a\u00f1os de vida sacerdotal del padre Norberto Jos\u00e9 Damelio.<\/p>\n<p>La celebraci\u00f3n fue concelebrada por sacerdotes del clero diocesano y religioso, y reuni\u00f3 a la comunidad parroquial en una acci\u00f3n de gracias por el ministerio del presb\u00edtero.<\/p>\n<p>HOMIL\u00cdA DEL OBISPO<\/p>\n<p>Durante su homil\u00eda, monse\u00f1or Canecin record\u00f3 que, por la providencia de Dios, conoci\u00f3 al padre Norberto hace muchos a\u00f1os, incluso antes de su ordenaci\u00f3n sacerdotal, durante un encuentro nacional de Pastoral Vocacional realizado en San Antonio de Arredondo, C\u00f3rdoba.<\/p>\n<p>El obispo invit\u00f3 a realizar una &#8220;memoria agradecida&#8221; por el llamado que Dios hizo al padre Norberto y por su respuesta generosa, compar\u00e1ndola con el &#8220;s\u00ed&#8221; de Mar\u00eda.<\/p>\n<p>Record\u00f3 una expresi\u00f3n del padre Juli\u00e1n Zini: &#8220;Qu\u00e9 linda es la gente que tiene memoria, seguro que tiene esperanza tambi\u00e9n&#8221;, destacando el valor de hacer memoria de la propia historia y de la acci\u00f3n de Dios.<\/p>\n<p>Monse\u00f1or Canecin se\u00f1al\u00f3 que el aniversario sacerdotal pod\u00eda ser vivido desde la pregunta del salmista: \u00ab\u00bfCon qu\u00e9 pagar\u00e9 al Se\u00f1or todo el bien que me hizo?\u00bb.<\/p>\n<p>Explic\u00f3 que esta pregunta puede ser pronunciada por cada persona al contemplar su propia vida, su historia y su vocaci\u00f3n, reconociendo que todo lo recibido es &#8220;puro don y pura misericordia&#8221;.<\/p>\n<p>&#8220;Todo lo que somos y tenemos es, en definitiva, un don de Dios. Quien reconoce cu\u00e1nto ha recibido de Dios, tambi\u00e9n aprende a compartir y a caminar junto a los dem\u00e1s&#8221;, afirm\u00f3.<\/p>\n<p>Al reflexionar sobre la solemnidad de la Asunci\u00f3n, el obispo destac\u00f3 la obra de Dios en Mar\u00eda, quien se presenta humildemente como &#8220;la servidora del Se\u00f1or&#8221; y deja todo en sus manos.<\/p>\n<p>&#8220;Si Dios es el artesano, si Dios es el alfarero&#8221;, expres\u00f3, tambi\u00e9n el padre Norberto y cada cristiano pueden reconocer la obra que Dios ha realizado en sus vidas.<\/p>\n<p>Monse\u00f1or Canecin invoc\u00f3 &#8220;Mar\u00eda, ay\u00fadanos con tu intercesi\u00f3n a dejar a Dios ser Dios, para que ese gran proyecto pueda cumplirse en nosotros&#8221;, pidi\u00f3.<\/p>\n<p>Animo a pedir &#8220;la gracia de tener un coraz\u00f3n agradecido, capaz de reconocer la presencia de Dios en nuestra historia y de responderle con amor&#8221;.<\/p>\n<p>PADRE DAMELIO<\/p>\n<p>El padre Norberto Jos\u00e9 Damelio tiene 72 a\u00f1os.<\/p>\n<p>Es hijo de Norberto Jos\u00e9 Damelio y de N\u00e9lida Vicenta Pereyra.<\/p>\n<p>Fue bautizado en la parroquia Nuestra Se\u00f1ora de la Providencia de la Capital Federal el 12 de junio de 1954 y recibi\u00f3 el sacramento de la Confirmaci\u00f3n el 15 de noviembre de 1964, en la misma parroquia.<\/p>\n<p>Su formaci\u00f3n en orden al sacerdocio la realiz\u00f3 en el Colegio Eclesi\u00e1stico &#8220;Doce Ap\u00f3stoles&#8221;, de la Facultad de Teolog\u00eda de la Universidad Cat\u00f3lica Argentina (UCA).<\/p>\n<p>Fue ordenado di\u00e1cono en camino al sacerdocio el 24 de agosto de 1985, en la parroquia Nuestra Se\u00f1ora de Luj\u00e1n de Florencio Varela, en la di\u00f3cesis de Quilmes, por imposici\u00f3n de manos de monse\u00f1or Carmelo Juan Giaquinta, obispo auxiliar de Viedma.<\/p>\n<p>En 1986 desempe\u00f1\u00f3 su ministerio diaconal en la parroquia Nuestra Se\u00f1ora del Pilar de Curuz\u00fa Cuati\u00e1, acompa\u00f1ando a los presb\u00edteros Francisco Bousson y Te\u00f3filo Castillo.<\/p>\n<p>El 15 de agosto de 1986 fue ordenado presb\u00edtero por imposici\u00f3n de manos de monse\u00f1or Luis St\u00f6ckler, en la parroquia Nuestra Se\u00f1ora del Pilar de Curuz\u00fa Cuati\u00e1. El lema que identifica su ministerio sacerdotal es &#8220;Haz de m\u00ed un instrumento de tu paz&#8221;.<\/p>\n<p>Celebr\u00f3 su primera misa en la parroquia Nuestra Se\u00f1ora del Pilar de Curuz\u00fa Cuati\u00e1 el 17 de agosto de 1986, y posteriormente celebr\u00f3 otra misa en la parroquia Divina Providencia de Capital Federal el 24 de agosto de 1986.<\/p>\n<p>El 11 de mayo de 1987 fue nombrado administrador parroquial de Nuestra Se\u00f1ora del Pilar de Curuz\u00fa Cuati\u00e1.<\/p>\n<p>El 4 de marzo de 1990 asumi\u00f3 como cura p\u00e1rroco de la parroquia San Jos\u00e9 Obrero de Goya.<\/p>\n<p>El 31 de mayo de 1997 asumi\u00f3 como p\u00e1rroco de Nuestra Se\u00f1ora del Rosario de Monte Caseros, donde tambi\u00e9n se desempe\u00f1\u00f3 como capell\u00e1n de la Escuela Privada &#8220;Presb\u00edtero Juan Perell\u00f3&#8221;.<\/p>\n<p>En agosto de 2001, monse\u00f1or Luis St\u00f6ckler lo nombr\u00f3 miembro del Colegio de Consultores.<\/p>\n<p>El 30 de abril de 2006 tom\u00f3 posesi\u00f3n como p\u00e1rroco de Nuestra Se\u00f1ora del Pilar de Curuz\u00fa Cuati\u00e1. Asimismo, se desempe\u00f1\u00f3 como capell\u00e1n en el Comando de la Primera Divisi\u00f3n del Ej\u00e9rcito Argentino, correspondiente a la guarnici\u00f3n militar de Curuz\u00fa Cuati\u00e1.<\/p>\n<p>La celebraci\u00f3n de los 40 a\u00f1os de sacerdocio se convirti\u00f3 as\u00ed en una oportunidad para que la comunidad diocesana diera gracias a Dios por el ministerio del padre Norberto Damelio y por sus cuatro d\u00e9cadas de servicio pastoral, renovando la oraci\u00f3n para que contin\u00fae entregando su vida como &#8220;instrumento de paz&#8221; al servicio del pueblo de Dios.-<\/p>\n<p>PRENSA OBISPADO DE GOYA<\/p>\n","protected":false},"excerpt":{"rendered":"<p>En la solemnidad de la Asunci\u00f3n de la Bienaventurada Virgen Mar\u00eda, el obispo de Goya, monse\u00f1or Adolfo Ram\u00f3n Canecin, presidi\u00f3 el s\u00e1bado 15 de agosto una misa en la parroquia Nuestra Se\u00f1ora del Pilar de Curuz\u00fa Cuati\u00e1, con motivo de los 40 a\u00f1os de vida sacerdotal del padre Norberto Jos\u00e9 Damelio. La celebraci\u00f3n fue concelebrada [&hellip;]<\/p>\n","protected":false},"author":2,"featured_media":12497,"comment_status":"open","ping_status":"open","sticky":false,"template":"","format":"standard","meta":{"footnotes":""},"categories":[77],"tags":[],"class_list":["post-12496","post","type-post","status-publish","format-standard","has-post-thumbnail","category-local"],"_links":{"self":[{"href":"https:\/\/radiokissnoticias.com.ar\/web\/wp-json\/wp\/v2\/posts\/12496","targetHints":{"allow":["GET"]}}],"collection":[{"href":"https:\/\/radiokissnoticias.com.ar\/web\/wp-json\/wp\/v2\/posts"}],"about":[{"href":"https:\/\/radiokissnoticias.com.ar\/web\/wp-json\/wp\/v2\/types\/post"}],"author":[{"embeddable":true,"href":"https:\/\/radiokissnoticias.com.ar\/web\/wp-json\/wp\/v2\/users\/2"}],"replies":[{"embeddable":true,"href":"https:\/\/radiokissnoticias.com.ar\/web\/wp-json\/wp\/v2\/comments?post=12496"}],"version-history":[{"count":1,"href":"https:\/\/radiokissnoticias.com.ar\/web\/wp-json\/wp\/v2\/posts\/12496\/revisions"}],"predecessor-version":[{"id":12498,"href":"https:\/\/radiokissnoticias.com.ar\/web\/wp-json\/wp\/v2\/posts\/12496\/revisions\/12498"}],"wp:featuredmedia":[{"embeddable":true,"href":"https:\/\/radiokissnoticias.com.ar\/web\/wp-json\/wp\/v2\/media\/12497"}],"wp:attachment":[{"href":"https:\/\/radiokissnoticias.com.ar\/web\/wp-json\/wp\/v2\/media?parent=12496"}],"wp:term":[{"taxonomy":"category","embeddable":true,"href":"https:\/\/radiokissnoticias.com.ar\/web\/wp-json\/wp\/v2\/categories?post=12496"},{"taxonomy":"post_tag","embeddable":true,"href":"https:\/\/radiokissnoticias.com.ar\/web\/wp-json\/wp\/v2\/tags?post=12496"}],"curies":[{"name":"wp","href":"https:\/\/api.w.org\/{rel}","templated":true}]}}