{"id":12482,"date":"2026-08-18T11:25:54","date_gmt":"2026-08-18T14:25:54","guid":{"rendered":"https:\/\/radiokissnoticias.com.ar\/web\/?p=12482"},"modified":"2026-08-18T11:25:54","modified_gmt":"2026-08-18T14:25:54","slug":"tras-mas-de-un-mes-cerrado-reabrio-el-paso-cristo-redentor-en-mendoza-miles-de-camiones-esperan-para-cruzar-la-frontera","status":"publish","type":"post","link":"https:\/\/radiokissnoticias.com.ar\/web\/2026\/08\/18\/tras-mas-de-un-mes-cerrado-reabrio-el-paso-cristo-redentor-en-mendoza-miles-de-camiones-esperan-para-cruzar-la-frontera\/","title":{"rendered":"Tras m\u00e1s de un mes cerrado, reabri\u00f3 el Paso Cristo Redentor en Mendoza: miles de camiones esperan para cruzar la frontera"},"content":{"rendered":"<p>El corredor internacional vuelve a operar con restricciones y prioridad para el transporte de carga. Los autos y \u00f3mnibus particulares deber\u00e1n esperar para cruzar la cordillera.<\/p>\n<p>Despu\u00e9s de m\u00e1s de un mes bloqueado por las intensas nevadas y el hielo en la Ruta Nacional 7, el paso internacional Cristo Redentor volvi\u00f3 a habilitarse este martes, aunque con un operativo especial y restricciones para la circulaci\u00f3n.<\/p>\n<p>La reapertura se decidi\u00f3 tras evaluar las condiciones del camino y el pron\u00f3stico, que anticipa tiempo estable y cielo despejado hasta el domingo, sin nuevas nevadas a la vista.<\/p>\n<p>Sin embargo, la circulaci\u00f3n no ser\u00e1 normal: solo los camiones podr\u00e1n cruzar la frontera entre Argentina y Chile durante esta semana.<\/p>\n<p>Los veh\u00edculos particulares y \u00f3mnibus deber\u00e1n esperar una nueva habilitaci\u00f3n. El tr\u00e1nsito estar\u00e1 organizado por sentido y con horarios espec\u00edficos para cada pa\u00eds.<\/p>\n<p><b>C\u00f3mo funcionar\u00e1 el operativo de reapertura y qui\u00e9nes podr\u00e1n cruzar<br \/>\n<\/b><br \/>\nSeg\u00fan indic\u00f3 la Vicejefatura de Gabinete del Interior en un comunicado, el cronograma para la reapertura del paso Cristo Redentor establece que entre el martes 18, mi\u00e9rcoles 19 y el jueves 20 de agosto, de 9 a 21 horas (Argentina), podr\u00e1n circular \u00fanicamente camiones que viajen desde Argentina hacia Chile.<\/p>\n<p>Luego, el viernes 21 y s\u00e1bado 22 de agosto, de 8 a 20 horas (Chile), ser\u00e1 el turno de los camiones que crucen desde Chile hacia la Argentina.<\/p>\n<p>El uso de cadenas ser\u00e1 obligatorio para todos los transportes de carga. Desde el lunes ya se observ\u00f3 movimiento de camiones en el \u00c1rea de Control Integrado (ACI) y en la estaci\u00f3n YPF de Uspallata, donde muchos veh\u00edculos permanecieron varados durante el cierre.<\/p>\n<p>Las autoridades aclararon que tendr\u00e1n prioridad los camiones que ya est\u00e1n documentados en la playa de estacionamiento del ACI Uspallata. El objetivo es agilizar el cruce de los transportes que llevan semanas esperando.<\/p>\n<p><b>Qu\u00e9 pasa con los turistas y los veh\u00edculos particulares<br \/>\n<\/b><br \/>\nPara los turistas, la circulaci\u00f3n estar\u00e1 limitada: solo podr\u00e1n transitar por la Ruta Nacional 7 hasta Uspallata, extremando la precauci\u00f3n por el intenso flujo de camiones y las demoras previstas. No estar\u00e1 permitido cruzar a Chile en autos particulares ni en \u00f3mnibus durante esta semana.<\/p>\n<p>Adem\u00e1s, se suspendi\u00f3 el turismo interno desde Uspallata hacia la alta monta\u00f1a, ya que la prioridad absoluta ser\u00e1 para el transporte de carga. As\u00ed lo inform\u00f3 la Direcci\u00f3n Nacional de Asuntos T\u00e9cnicos de Fronteras en un comunicado oficial.<\/p>\n<p><b>Un cierre hist\u00f3rico: nieve, reclamos y demoras en la reapertura<\/b><\/p>\n<p>El cierre de 34 d\u00edas del paso Cristo Redentor marc\u00f3 un r\u00e9cord y gener\u00f3 un fuerte impacto en transportistas, empresas, trabajadores y el sector tur\u00edstico de ambos lados de la cordillera.<\/p>\n<p>Las tareas de despeje de Vialidad Nacional se complicaron por la acumulaci\u00f3n de nieve, la formaci\u00f3n de hielo, el riesgo de desprendimientos y la posibilidad de avalanchas.<\/p>\n<p>El prolongado bloqueo provoc\u00f3 reclamos de empresarios y transportistas. Desde la Asociaci\u00f3n de Propietarios de Camiones de Mendoza (Aprocam) insistieron en la necesidad de aprovechar las ventanas de buen tiempo para acelerar el despeje y cuestionaron las restricciones para avanzar en la alta monta\u00f1a.<\/p>\n<p>\u201cEl tiempo no se puede manejar, pero hay que aprovechar las oportunidades que da\u201d, plantearon.<\/p>\n<p><b>La propuesta de Cornejo: licitaci\u00f3n internacional para limpiar la ruta<br \/>\n<\/b><br \/>\nEl gobernador de Mendoza, Alfredo Cornejo, critic\u00f3 el funcionamiento actual del corredor internacional y las demoras que se producen ante temporales de gran magnitud.<\/p>\n<p>El mandatario provincial propuso que Argentina y Chile realicen una licitaci\u00f3n conjunta para tercerizar las tareas de limpieza de la ruta, tomando como ejemplo a pa\u00edses como Canad\u00e1, donde empresas especializadas despejan rutas en plazos mucho m\u00e1s breves.<\/p>\n<p>\u201cLa verdad que podr\u00eda tener un servicio contratado ambos pa\u00edses y no estar coordinando 10 agencias distintas de distintos pa\u00edses\u201d, sostuvo, seg\u00fan el diario Los Andes.<\/p>\n<p>\u201cHay varios ejemplos de empresas que prestan este servicio y limpian r\u00e1pidamente en 48 horas, en 72 horas o en una semana si es un temporal muy fuerte y muy anormal como fue este\u201d, explic\u00f3, seg\u00fan el diario Los Andes.<\/p>\n<p>Cornejo plantear\u00e1 esta iniciativa en el pr\u00f3ximo Comit\u00e9 de Frontera, previsto para octubre, con el objetivo de evitar la intervenci\u00f3n de m\u00faltiples organismos y agilizar la reapertura en futuros temporales.<\/p>\n","protected":false},"excerpt":{"rendered":"<p>El corredor internacional vuelve a operar con restricciones y prioridad para el transporte de carga. Los autos y \u00f3mnibus particulares deber\u00e1n esperar para cruzar la cordillera. Despu\u00e9s de m\u00e1s de un mes bloqueado por las intensas nevadas y el hielo en la Ruta Nacional 7, el paso internacional Cristo Redentor volvi\u00f3 a habilitarse este martes, [&hellip;]<\/p>\n","protected":false},"author":2,"featured_media":12483,"comment_status":"open","ping_status":"open","sticky":false,"template":"","format":"standard","meta":{"footnotes":""},"categories":[78],"tags":[],"class_list":["post-12482","post","type-post","status-publish","format-standard","has-post-thumbnail","category-nacional"],"_links":{"self":[{"href":"https:\/\/radiokissnoticias.com.ar\/web\/wp-json\/wp\/v2\/posts\/12482","targetHints":{"allow":["GET"]}}],"collection":[{"href":"https:\/\/radiokissnoticias.com.ar\/web\/wp-json\/wp\/v2\/posts"}],"about":[{"href":"https:\/\/radiokissnoticias.com.ar\/web\/wp-json\/wp\/v2\/types\/post"}],"author":[{"embeddable":true,"href":"https:\/\/radiokissnoticias.com.ar\/web\/wp-json\/wp\/v2\/users\/2"}],"replies":[{"embeddable":true,"href":"https:\/\/radiokissnoticias.com.ar\/web\/wp-json\/wp\/v2\/comments?post=12482"}],"version-history":[{"count":1,"href":"https:\/\/radiokissnoticias.com.ar\/web\/wp-json\/wp\/v2\/posts\/12482\/revisions"}],"predecessor-version":[{"id":12484,"href":"https:\/\/radiokissnoticias.com.ar\/web\/wp-json\/wp\/v2\/posts\/12482\/revisions\/12484"}],"wp:featuredmedia":[{"embeddable":true,"href":"https:\/\/radiokissnoticias.com.ar\/web\/wp-json\/wp\/v2\/media\/12483"}],"wp:attachment":[{"href":"https:\/\/radiokissnoticias.com.ar\/web\/wp-json\/wp\/v2\/media?parent=12482"}],"wp:term":[{"taxonomy":"category","embeddable":true,"href":"https:\/\/radiokissnoticias.com.ar\/web\/wp-json\/wp\/v2\/categories?post=12482"},{"taxonomy":"post_tag","embeddable":true,"href":"https:\/\/radiokissnoticias.com.ar\/web\/wp-json\/wp\/v2\/tags?post=12482"}],"curies":[{"name":"wp","href":"https:\/\/api.w.org\/{rel}","templated":true}]}}