{"id":12476,"date":"2026-08-18T11:22:37","date_gmt":"2026-08-18T14:22:37","guid":{"rendered":"https:\/\/radiokissnoticias.com.ar\/web\/?p=12476"},"modified":"2026-08-18T11:22:37","modified_gmt":"2026-08-18T14:22:37","slug":"la-vida-consagrada-de-la-diocesis-de-goya-renovo-su-compromiso-con-la-sinodalidad","status":"publish","type":"post","link":"https:\/\/radiokissnoticias.com.ar\/web\/2026\/08\/18\/la-vida-consagrada-de-la-diocesis-de-goya-renovo-su-compromiso-con-la-sinodalidad\/","title":{"rendered":"La vida consagrada de la Di\u00f3cesis de Goya renov\u00f3 su compromiso con la sinodalidad"},"content":{"rendered":"<p>La Di\u00f3cesis de Goya celebr\u00f3 el lunes 17 de agosto el Encuentro Diocesano de la Vida Consagrada, que se realiz\u00f3 en el Colegio &#8220;Mam\u00e1 Margarita&#8221; de la ciudad de Curuz\u00fa Cuati\u00e1, con el acompa\u00f1amiento del obispo diocesano, monse\u00f1or Adolfo Ram\u00f3n Canecin. El encuentro reuni\u00f3 a religiosas y consagradas, di\u00e1conos junto a sus esposas, sacerdotes y al obispo, quienes compartieron un espacio de encuentro, oraci\u00f3n y reflexi\u00f3n sobre la realidad pastoral de la di\u00f3cesis.<\/p>\n<p>El encuentro permiti\u00f3 poner en com\u00fan c\u00f3mo viven actualmente sus respectivas vocaciones, as\u00ed como los desaf\u00edos y las esperanzas que atraviesan la vida eclesial.<\/p>\n<p>La jornada fue acompa\u00f1ada e iluminada por la hermana Mariana del Carmen Gonz\u00e1lez, de las Hermanas Dominicas del Sant\u00edsimo Nombre de Jes\u00fas, quien desarroll\u00f3 el tema &#8220;Espiritualidad sinodal: bebiendo del propio pozo&#8221;.<\/p>\n<p>La religiosa destac\u00f3 la importancia de fortalecer la espiritualidad para hacer realidad la sinodalidad, tomando como referencia el legado del primer obispo de Goya, monse\u00f1or Alberto Devoto, participante del Concilio Vaticano II.<\/p>\n<p>Record\u00f3 el estilo de vida del primer obispo, que fue cercano a los m\u00e1s pobres y su capacidad de &#8220;desinstalarse&#8221; de las comodidades para vivir el Evangelio, e invit\u00f3 a &#8220;beber de la fuente&#8221; de la propia espiritualidad y de los carismas recibidos.<\/p>\n<p>En un momento los participantes se dividieron en grupos sinodales para trabajar a partir de tres preguntas orientadas a discernir los desaf\u00edos de la realidad diocesana.<\/p>\n<p>Entre las situaciones abordadas estuvieron la salud mental, las adicciones, los suicidios, la p\u00e9rdida de valores en la familia y las dificultades en la educaci\u00f3n de los hijos.<\/p>\n<p>Tambi\u00e9n reflexionaron sobre el modo de trabajar conjuntamente cl\u00e9rigos y laicos, especialmente quienes integran y animan los consejos pastorales, destacando la necesidad de superar el clericalismo y comprender la autoridad como servicio.<\/p>\n<p>Se subray\u00f3 que la sinodalidad se sostiene en la dignidad bautismal de todos los miembros de la Iglesia, en la escucha, el discernimiento comunitario y la participaci\u00f3n en la misi\u00f3n evangelizadora.<\/p>\n<p>Se propuso profundizar en un modo de discernimiento comunitario inspirado en la comuni\u00f3n de la Sant\u00edsima Trinidad, para que las comunidades puedan caminar juntas, poniendo sus carismas y dones al servicio de la misi\u00f3n.<\/p>\n<p>La jornada incluy\u00f3 momentos de trabajo grupal, puesta en com\u00fan, una misa en acci\u00f3n de gracias por la vida eclesial de la di\u00f3cesis y un almuerzo comunitario, como expresi\u00f3n concreta de fraternidad y comuni\u00f3n.<\/p>\n<p>HOMILIA DEL OBISPO<\/p>\n<p>Monse\u00f1or Adolfo Canecin invit\u00f3 a preguntarse &#8220;a qu\u00e9 cosas tenemos que renunciar como vida entregada a Cristo y a la Iglesia para poder vivir la sinodalidad desde la vida consagrada, religiosa, la vida diaconal y presbiteral&#8221;.<\/p>\n<p>Se\u00f1al\u00f3 que la experiencia del encuentro busca ser un reflejo de aquello que, con lenguaje po\u00e9tico, expres\u00f3 el padre Juli\u00e1n Zini: &#8220;Queremos ser esa Iglesia que Cristo so\u00f1\u00f3 al fundar&#8221;.<\/p>\n<p>El obispo destac\u00f3 que &#8220;la vida consagrada, con su testimonio de entrega, oraci\u00f3n, fraternidad y servicio, est\u00e1 llamada a ser una expresi\u00f3n viva de la Iglesia sinodal&#8221;, y anim\u00f3 a todos a seguir construyendo una Iglesia en comuni\u00f3n, participaci\u00f3n y misi\u00f3n.-<\/p>\n<p>PRENSA OBISPADO DE GOYA<\/p>\n","protected":false},"excerpt":{"rendered":"<p>La Di\u00f3cesis de Goya celebr\u00f3 el lunes 17 de agosto el Encuentro Diocesano de la Vida Consagrada, que se realiz\u00f3 en el Colegio &#8220;Mam\u00e1 Margarita&#8221; de la ciudad de Curuz\u00fa Cuati\u00e1, con el acompa\u00f1amiento del obispo diocesano, monse\u00f1or Adolfo Ram\u00f3n Canecin. El encuentro reuni\u00f3 a religiosas y consagradas, di\u00e1conos junto a sus esposas, sacerdotes y [&hellip;]<\/p>\n","protected":false},"author":2,"featured_media":12477,"comment_status":"open","ping_status":"open","sticky":false,"template":"","format":"standard","meta":{"footnotes":""},"categories":[77],"tags":[],"class_list":["post-12476","post","type-post","status-publish","format-standard","has-post-thumbnail","category-local"],"_links":{"self":[{"href":"https:\/\/radiokissnoticias.com.ar\/web\/wp-json\/wp\/v2\/posts\/12476","targetHints":{"allow":["GET"]}}],"collection":[{"href":"https:\/\/radiokissnoticias.com.ar\/web\/wp-json\/wp\/v2\/posts"}],"about":[{"href":"https:\/\/radiokissnoticias.com.ar\/web\/wp-json\/wp\/v2\/types\/post"}],"author":[{"embeddable":true,"href":"https:\/\/radiokissnoticias.com.ar\/web\/wp-json\/wp\/v2\/users\/2"}],"replies":[{"embeddable":true,"href":"https:\/\/radiokissnoticias.com.ar\/web\/wp-json\/wp\/v2\/comments?post=12476"}],"version-history":[{"count":1,"href":"https:\/\/radiokissnoticias.com.ar\/web\/wp-json\/wp\/v2\/posts\/12476\/revisions"}],"predecessor-version":[{"id":12478,"href":"https:\/\/radiokissnoticias.com.ar\/web\/wp-json\/wp\/v2\/posts\/12476\/revisions\/12478"}],"wp:featuredmedia":[{"embeddable":true,"href":"https:\/\/radiokissnoticias.com.ar\/web\/wp-json\/wp\/v2\/media\/12477"}],"wp:attachment":[{"href":"https:\/\/radiokissnoticias.com.ar\/web\/wp-json\/wp\/v2\/media?parent=12476"}],"wp:term":[{"taxonomy":"category","embeddable":true,"href":"https:\/\/radiokissnoticias.com.ar\/web\/wp-json\/wp\/v2\/categories?post=12476"},{"taxonomy":"post_tag","embeddable":true,"href":"https:\/\/radiokissnoticias.com.ar\/web\/wp-json\/wp\/v2\/tags?post=12476"}],"curies":[{"name":"wp","href":"https:\/\/api.w.org\/{rel}","templated":true}]}}