{"id":12449,"date":"2026-08-18T01:27:35","date_gmt":"2026-08-18T04:27:35","guid":{"rendered":"https:\/\/radiokissnoticias.com.ar\/web\/?p=12449"},"modified":"2026-08-18T01:27:35","modified_gmt":"2026-08-18T04:27:35","slug":"homenaje-al-general-san-martin-goya-recordo-al-padre-de-la-patria-en-su-176o-aniversario-del-paso-a-la-inmortalidad","status":"publish","type":"post","link":"https:\/\/radiokissnoticias.com.ar\/web\/2026\/08\/18\/homenaje-al-general-san-martin-goya-recordo-al-padre-de-la-patria-en-su-176o-aniversario-del-paso-a-la-inmortalidad\/","title":{"rendered":"HOMENAJE AL GENERAL SAN MART\u00cdN: Goya record\u00f3 al Padre de la Patria en su 176\u00ba Aniversario del Paso a la Inmortalidad"},"content":{"rendered":"<p><img decoding=\"async\" src=\"https:\/\/www.powernoticias.com\/images\/202608172203219194\" \/><\/p>\n<p>&nbsp;<\/p>\n<p><img decoding=\"async\" src=\"https:\/\/www.powernoticias.com\/images\/202608172203119864\" \/><\/p>\n<p><img decoding=\"async\" src=\"https:\/\/www.powernoticias.com\/images\/202608172202575908\" \/><\/p>\n<p><img decoding=\"async\" src=\"https:\/\/www.powernoticias.com\/images\/202608172202478618\" \/><\/p>\n<p>&nbsp;<\/p>\n<p><img decoding=\"async\" src=\"https:\/\/www.powernoticias.com\/images\/202608172202340770\" \/><\/p>\n<p><img decoding=\"async\" src=\"https:\/\/www.powernoticias.com\/images\/202608172202259590\" \/><\/p>\n<p><img decoding=\"async\" src=\"https:\/\/www.powernoticias.com\/images\/202608172202115355\" \/><\/p>\n<p>El Viceintendente Sebasti\u00e1n Mazzaro presidi\u00f3 a las 15 horas el acto por un nuevo aniversario del fallecimiento del General San Mart\u00edn, en la Plaza que perpet\u00faa la memoria del Libertador de Am\u00e9rica<\/p>\n<div id=\"modalFulltext\">Acompa\u00f1aron la ceremonia el Secretario de Gobierno Pablo Fern\u00e1ndez, la Vicepresidente 2\u00ba del HCD Viv\u00edan Merlo, el Jefe del Batall\u00f3n de Ingeniero de Monte 12 Teniente Coronel Sergio Ortiz, el Diputado Provincial Jes\u00fas M\u00e9ndez Vernengo, funcionarios municipales, provinciales, concejales, miembros de las fuerzas armadas y de seguridad, integrantes de las Asociaciones Cultural Sanmartiniana, Civil Belgraniana, Delegaciones Escolares, el p\u00e1rroco de la &#8220;Rotonda&#8221;, el misionero redentorista padre Boris Escobar, vecinos de la ciudad.<\/p>\n<p>El acto dio inicio con la colocaci\u00f3n de la bandera nacional a media asta, como s\u00edmbolo de la memoria del fallecimiento del General San Martin, ceremonia llevada adelante por el Viceintendente Sebasti\u00e1n Mazzaro, la Vicepresidente 2\u00ba del HCD Viv\u00edan Merlo, por la Asociaci\u00f3n Sanmartiniana la profesora Marisa Laura B\u00e1ez y el Jefe del Batall\u00f3n de Ingeniero de Monte 12 Teniente Coronel Sergio Ortiz.<\/p>\n<p>En las palabras de evocaci\u00f3n de la figura del Padre de la Patria, todos coincidieron en el Legado dejado por San Mart\u00edn, remarcando la &#8220;libertad, la austeridad, el bien com\u00fan, saber despojarse de los intereses personales para construir la Patria, con lugar y espacio para todos&#8221;, asumiendo los desaf\u00edos de este tiempo.<\/p>\n<p>&#8220;San Mart\u00edn se destaca por los principios que guiaron su vida: la austeridad, el sentido del deber y la firme convicci\u00f3n de que el bien com\u00fan est\u00e1 por encima de los intereses personales.&#8221; Resalt\u00f3 la Secretaria de Educaci\u00f3n<\/p>\n<p>&#8220;Que la figura del General Don Jos\u00e9 de San Mart\u00edn no sea solo un recuerdo nost\u00e1lgico del pasado, sino un faro moral que ilumine el presente y gu\u00ede el rumbo hacia el futuro.&#8221; Considero el Tesorero de la Asociaci\u00f3n Cultural Sanmartiniana Goya<\/p>\n<p>&#8220;Seamos libres, lo dem\u00e1s no importa nada&#8221; Invit\u00f3 en su innovaci\u00f3n el sacerdote Boris Escobar<\/p>\n<\/div>\n<div>\nHIMNO NACIONAL ARGENTINO<\/p>\n<p>La Banda Militar &#8220;Puerto Argentino&#8221; bajo la direcci\u00f3n de su Primer Maestro de banda Teniente 1\u00ba Alberto Esteban C\u00f3rdoba se encarg\u00f3 de interpretar los sones de la canci\u00f3n patria el Himno Nacional Argentino<\/p>\n<p>De igual manera el toque de diana para ofrecer el minuto de silencio estuvo a cargo de la Banda Militar.<\/p>\n<p>INVOCACI\u00d3N RELIGIOSA<\/p>\n<p>El sacerdote Boris Escobar, en el momento de hacer la invocaci\u00f3n religiosa saludo a los representantes de la Municipalidad, de las instituciones, a las delegaciones escolares, para destacar la figura del General San Mart\u00edn, rezando un salmo para posteriormente reflexionar:<\/p>\n<p>&#8220;Seamos libres, lo dem\u00e1s no importa nada, es una convocatoria a la libertad, con dignidad, seamos un pueblo digno, que sepamos respetar, saber estar de pie, haciendo nuestro este deseo de libertad inspirado por el General San Martin&#8221;<\/p>\n<p>Seguidamente el sacerdote invit\u00f3 a rezar de manera comunitaria, mirando en la historia la fuente de toda raz\u00f3n, a Dios, como iluminaci\u00f3n de la b\u00fasqueda de estos prop\u00f3sitos, de estos valores.<\/p>\n<p>VICENTE VERCHER ARIZAGA<\/p>\n<p>Con el prop\u00f3sito de evocar la figura del General San Mart\u00edn, el tesorero de la Asociaci\u00f3n Cultural Sanmartiniana Lic. Profesor Vicente E. Vercher Arizaga, tras el saludo a los presentes, expres\u00f3:<\/p>\n<p>&#8220;Nos convocamos hoy en este marco de respeto y memoria para rendir tributo a uno de los hombres cuya huella no solo defini\u00f3 la geograf\u00eda pol\u00edtica de nuestro continente, sino que esculpi\u00f3 la matriz \u00e9tica sobre la cual se erigen nuestras naciones.&#8221;<\/p>\n<p>&#8220;Recordar un aniversario m\u00e1s del tr\u00e1nsito a la inmortalidad del General Don Jos\u00e9 de San Mart\u00edn, no es tan solo una cuesti\u00f3n protocolar en el calendario de nuestras fechas<\/p>\n<p>importantes; es, ante todo, un acto de introspecci\u00f3n colectiva y un deber de gratitud patria.&#8221; Resalt\u00f3 el docente.<\/p>\n<p>&#8220;No podemos dejar de lado el inmenso orgullo que nos llena el pecho de solo pensar que somos compatriotas, y m\u00e1s a\u00fan, comprovincianos del General San Mart\u00edn y por supuesto tambi\u00e9n de nuestro h\u00e9roe Salade\u00f1o, el Sargento Cabral, ya que sin su acto de arrojo en la Batalla de San Lorenzo, se podr\u00eda haber cambiado el rumbo de la historia.<\/p>\n<p>Al detenernos a contemplar la magnitud de su obra, la figura de San Mart\u00edn trasciende el bronce y la piedra.&#8221; Evoco.<\/p>\n<p>&#8220;Nos encontramos ante la estatura moral de un hombre que comprendi\u00f3 que la verdadera libertad no se conquista \u00fanicamente con la espada en el campo de batalla, sino que se consolida d\u00eda a d\u00eda mediante la virtud, el m\u00e9rito, el desprendimiento y el respeto irrestricto<br \/>\na la dignidad humana.&#8221;<\/p>\n<p>&#8220;Para comprender al San Mart\u00edn militar, -prosigui\u00f3-debemos alejarnos de la visi\u00f3n simplista del conquistador. San Mart\u00edn no empu\u00f1\u00f3 las armas por af\u00e1n de dominio, gloria personal o ambici\u00f3n territorial. Su genio estrat\u00e9gico estuvo desde el primer instante subordinado a una causa superior: la emancipaci\u00f3n de los pueblos sudamericanos.&#8221;<\/p>\n<p>&#8220;Desde la formaci\u00f3n del Regimiento de Granaderos a Caballo, San Mart\u00edn impuso una M\u00e1xima que guiar\u00eda toda su carrera: la disciplina no es sometimiento, sino el rigor necesario para alcanzar la excelencia y proteger la vida de sus subordinados.<\/p>\n<p>Instaur\u00f3 un c\u00f3digo de honor estricto, donde el valor se med\u00eda no por la temeridad irresponsable, sino por la templanza, el respeto al enemigo vencido y la conducci\u00f3n \u00e9tica en el combate.<\/p>\n<p>Su visi\u00f3n militar fue profundamente innovadora y de una escala colosal. El Cruce de los Andes no fue solo una proeza log\u00edstica y t\u00e1ctica sin precedentes en la historia universal; fue la demostraci\u00f3n cabal de lo que la planificaci\u00f3n rigurosa, la fe en el ideal republicano<br \/>\ny la uni\u00f3n de un pueblo pueden lograr contra todo pron\u00f3stico.&#8221;<\/p>\n<p>&#8220;Sin embargo, el valor militar m\u00e1s sublime del Libertador reside en su renuncia al poder.Tras consolidar la independencia de Chile en Maip\u00fa y proclamar la libertad del Per\u00fa, San Mart\u00edn jam\u00e1s busc\u00f3 coronas ni perpetuidad en el mando.&#8221;<\/p>\n<p>&#8220;En la c\u00e9lebre entrevista de Guayaquil, -record\u00f3 en su discurso el profesor Vercher Arizaga- demostr\u00f3 que un verdadero jefe militar sabe cu\u00e1ndo dar un paso al costado si el bien supremo de la causa as\u00ed lo exige.&#8221;<\/p>\n<p>&#8220;Despojado de vanidad, prefiri\u00f3 ceder el protagonismo para no dividir a las fuerzas libertadoras. San Mart\u00edn jam\u00e1s us\u00f3 sus victorias para erigir un pedestal personal; cada triunfo pertenec\u00eda, en su concepci\u00f3n, al pueblo que hab\u00eda derramado su sangre por lalibertad.&#8221;<\/p>\n<p>&#8220;Si sus cualidades como guerrero le valieron el t\u00edtulo de Libertador, sus virtudes ciudadanas lo consagraron como el Padre de la Patria.&#8221; Considero.<\/p>\n<p>&#8220;San Mart\u00edn fue un firme convencido de que las armas solo tienen justificaci\u00f3n cuando defienden la ley y las instituciones democr\u00e1ticas, y que deben callar inmediatamente cuando la patria entra en paz.&#8221;<\/p>\n<p>&#8220;Como gobernador intendente de Cuyo, demostr\u00f3 una capacidad de gesti\u00f3n p\u00fablica extraordinaria basada en la austeridad y la equidad. Promovi\u00f3 la industria local foment\u00f3 la educaci\u00f3n p\u00fablica, mejor\u00f3 la salud y organiz\u00f3 a la sociedad civil con una transparencia intachable. Vivi\u00f3 con la misma sencillez con la que gobern\u00f3, rechazando sueldos elevados y honores pomposos.&#8221;<\/p>\n<p>&#8220;Pero la prueba m\u00e1s profunda de su vocaci\u00f3n ciudadana se dio en uno de los momentos m\u00e1s oscuros de nuestra historia: la sangrienta lucha entre hermanos durante las guerras civiles.&#8221;<\/p>\n<p>Frente a las presiones para intervenir con sus veteranos en estos conflictos, el General pronunci\u00f3 una sentencia que resonar\u00e1 por siempre como un dogma de fe republicana:<\/p>\n<p>&#8220;El General San Mart\u00edn jam\u00e1s desenvainar\u00e1 su espada para derramar sangre de hermanos.&#8221;Prefiri\u00f3 el amargo camino del ostracismo y el exilio voluntario antes que ser c\u00f3mplice de la discordia nacional.<\/p>\n<p>En el retiro silencioso de Boulogne-sur-Mer, alejado de las intrigas y las disputas de poder, continu\u00f3 velando por el destino de su tierra natal con la dignidad intacta, dejando en sus c\u00e9lebres M\u00e1ximas dirigidas a su hija Mercedes un testamento pedag\u00f3gico y moral que sintetiza su visi\u00f3n de la vida en sociedad: el amor a la verdad, el culto a la educaci\u00f3n, la tolerancia y el respeto por los semejantes.<\/p><\/div>\n<div><\/div>\n<div>Al conmemorar hoy su partida f\u00edsica, la pregunta ineludible que debemos formularnos no es qu\u00e9 hizo San Mart\u00edn por nosotros, sino qu\u00e9 hacemos nosotros hoy con el legado que nos hered\u00f3.<\/p>\n<p>La libertad que nos leg\u00f3 el Gran Capit\u00e1n no es un estado pasivo ni una meta concluida; es una construcci\u00f3n diaria que exige el mismo compromiso \u00e9tico que \u00e9l demostr\u00f3 en cada acto de su vida.&#8221;<\/p>\n<p>Para invitar a los presentes a reflexionar: &#8220;Hoy las batallas ya no se libran en los campos de San Lorenzo, Chacabuco o Maip\u00fa, ni requieren el cruce de cordilleras f\u00edsicas. Las batallas de nuestro tiempo se combaten en el terreno de la honestidad republicana, en la superaci\u00f3n de las divisiones est\u00e9riles, en la b\u00fasqueda incesante de la justicia y en el fortalecimiento de la educaci\u00f3n como herramienta liberadora.&#8221;<\/p>\n<p>&#8220;Ser dignos del legado de San Mart\u00edn significa entender que el verdadero patriotismo no se declama con discursos vac\u00edos, sino que se ejerce con la conducta cotidiana:<\/p>\n<p>\u2022 En el cumplimiento riguroso del deber ciudadano.<\/p>\n<p>\u2022 En la austeridad en el manejo de lo p\u00fablico.<\/p>\n<p>\u2022 En el respeto profundo por la ley y por el que piensa diferente.<\/p>\n<p>\u2022 Y en la negativa rotunda a alimentar las grietas que dividen a la comunidad.<\/p>\n<p>Para afirmar desde la evocaci\u00f3n: &#8220;Que la figura del General Don Jos\u00e9 de San Mart\u00edn no sea solo un recuerdo nost\u00e1lgico del pasado, sino un faro moral que ilumine el presente y gu\u00ede el rumbo hacia el futuro.&#8221;<\/p>\n<p>&#8220;Que su ejemplo de entrega, renunciamiento y dignidad nos inspire a construir, d\u00eda a d\u00eda, una patria pr\u00f3spera, justa y soberana, digna del sacrificio de quienes lo dieron todo por su libertad.&#8221;<\/p>\n<p>Eterna Gloria al Padre de la Patria, General SAN MART\u00cdN.<\/p>\n<p>GRACIAS<\/p>\n<p>SONIA ESPINA<\/p>\n<p>En el recuerdo del 176\u00ba Aniversario del paso a la inmortalidad, la Secretaria de Educaci\u00f3n Sonia Espina, al saludar a las autoridades, docentes, estudiantes y vecinos, manifest\u00f3:<\/p>\n<p>&#8220;Hoy nos reunimos para honrar al General Jos\u00e9 de San Mart\u00edn. Para nosotros, los correntinos, este d\u00eda tiene un significado muy especial. El Padre de la Patria naci\u00f3 en nuestra tierra, en Yapey\u00fa. Su vida qued\u00f3 unida para siempre al esfuerzo, al coraje y al destino de nuestro continente. \u00c9l organiz\u00f3 el Ej\u00e9rcito de los Andes, cruz\u00f3 la cordillera y transform\u00f3 nuestra historia.&#8221;<\/p>\n<p>&#8220;Sin embargo, su verdadera grandeza no se explica solamente por sus logros militares. San Mart\u00edn se destaca \u2013describi\u00f3 la Secretaria de Educaci\u00f3n- por los principios que guiaron su vida: la austeridad, el sentido del deber y la firme convicci\u00f3n de que el bien com\u00fan est\u00e1 por encima de los intereses personales.&#8221;<\/p>\n<p>&#8220;El reflejo m\u00e1s humano de ese legado est\u00e1 en las M\u00e1ximas que escribi\u00f3 para su hija Merceditas. En ese texto \u00edntimo no hay espacio para la gloria personal. All\u00ed se habla, estrictamente, de valores.&#8221; Remarco<\/p>\n<p>Para enumerar: &#8220;En esas m\u00e1ximas nos dio una lecci\u00f3n: le pidi\u00f3 a su hija &#8220;humanizar el car\u00e1cter y hacerlo sensible&#8221;. Le ense\u00f1\u00f3 el amor a la verdad, el respeto por todas las creencias y la solidaridad con los m\u00e1s necesitados. \u00c9l sab\u00eda que un pueblo libre solo se sostiene con educaci\u00f3n y con valores morales.&#8221;<\/p>\n<p>La funcionaria valor\u00f3 el liderazgo del General San Mart\u00edn: &#8220;Su figura no pertenece al pasado. San Mart\u00edn es una presencia viva porque la Patria se construye todos los d\u00edas: en cada una de nuestras aulas, en el compromiso de los docentes y en el esfuerzo de cada vecino.&#8221;<\/p>\n<p>&#8220;Recordar al Padre de la Patria es preguntarnos qu\u00e9 valores estamos transmitiendo y qu\u00e9 comunidad estamos formando para nuestros ni\u00f1os.&#8221;<\/p>\n<p>Para concluir la evocaci\u00f3n la Dra. Sonia Espina afirm\u00f3: &#8220;Cada generaci\u00f3n tiene su propio desaf\u00edo y a nosotros nos toca este tiempo. Hagamos propio su legado y asumamos la responsabilidad de construir, juntos, el futuro que nuestra comunidad merece.&#8221;<\/p>\n<p>&#8220;Muchas gracias.&#8221;<\/p>\n<p>OFRENDAS FLORALES<\/p>\n<p>En la continuidad del acto recordatorio del fallecimiento del General San Mart\u00edn, al pie del Monumento se depositaron sendas coronas de laurel que simbolizan la libertad y la victoria alcanzadas por el General Don Jos\u00e9 Francisco de San Mart\u00edn para las tierras de Am\u00e9rica del Sur.<\/p>\n<p>Por el Municipio lo hicieron el Viceintendente Sebasti\u00e1n Mazzaro y el Secretario de Gobierno Pablo Fern\u00e1ndez<\/p>\n<p>Por la Asociaci\u00f3n Cultural Sanmartiniana Goya, por su parte lo hicieron la socia activa Alicia \u00c1rnica de Nardelli y la Vicepresidente profesora Marisa Laura B\u00e1ez.<\/p>\n<p>HIMNO A SAN MART\u00cdN<\/p>\n<p>Interpretado por la Banda Militar &#8220;Puerto Argentino&#8221; se ejecut\u00f3 el Himno a San Mart\u00edn<\/p>\n<p>PASAJE DE HONOR<\/p>\n<p>Para dar por finalizada la ceremonia de conmemoraci\u00f3n de los 176 a\u00f1os del tr\u00e1nsito a la inmortalidad del Libertador de Am\u00e9rica, las Fuerzas Armadas, de Seguridad, y las delegaciones escolares realizaron alrededor del Monumento del Padre de la Patria, el correspondiente Pasaje de Honor.<\/p>\n<p>Vale mencionar que todo el acto conmemorativo cont\u00f3 con la interpretaci\u00f3n de Lengua de Se\u00f1as, a cargo de la Profesora Paola Altamirano<\/p>\n<p>Direcci\u00f3n de Prensa-Municipalidad de Goya<\/p><\/div>\n<div>\n<div id=\"117986-4\"><\/div>\n<\/div>\n","protected":false},"excerpt":{"rendered":"<p>&nbsp; &nbsp; El Viceintendente Sebasti\u00e1n Mazzaro presidi\u00f3 a las 15 horas el acto por un nuevo aniversario del fallecimiento del General San Mart\u00edn, en la Plaza que perpet\u00faa la memoria del Libertador de Am\u00e9rica Acompa\u00f1aron la ceremonia el Secretario de Gobierno Pablo Fern\u00e1ndez, la Vicepresidente 2\u00ba del HCD Viv\u00edan Merlo, el Jefe del Batall\u00f3n de [&hellip;]<\/p>\n","protected":false},"author":2,"featured_media":12450,"comment_status":"open","ping_status":"open","sticky":false,"template":"","format":"standard","meta":{"footnotes":""},"categories":[77],"tags":[],"class_list":["post-12449","post","type-post","status-publish","format-standard","has-post-thumbnail","category-local"],"_links":{"self":[{"href":"https:\/\/radiokissnoticias.com.ar\/web\/wp-json\/wp\/v2\/posts\/12449","targetHints":{"allow":["GET"]}}],"collection":[{"href":"https:\/\/radiokissnoticias.com.ar\/web\/wp-json\/wp\/v2\/posts"}],"about":[{"href":"https:\/\/radiokissnoticias.com.ar\/web\/wp-json\/wp\/v2\/types\/post"}],"author":[{"embeddable":true,"href":"https:\/\/radiokissnoticias.com.ar\/web\/wp-json\/wp\/v2\/users\/2"}],"replies":[{"embeddable":true,"href":"https:\/\/radiokissnoticias.com.ar\/web\/wp-json\/wp\/v2\/comments?post=12449"}],"version-history":[{"count":1,"href":"https:\/\/radiokissnoticias.com.ar\/web\/wp-json\/wp\/v2\/posts\/12449\/revisions"}],"predecessor-version":[{"id":12451,"href":"https:\/\/radiokissnoticias.com.ar\/web\/wp-json\/wp\/v2\/posts\/12449\/revisions\/12451"}],"wp:featuredmedia":[{"embeddable":true,"href":"https:\/\/radiokissnoticias.com.ar\/web\/wp-json\/wp\/v2\/media\/12450"}],"wp:attachment":[{"href":"https:\/\/radiokissnoticias.com.ar\/web\/wp-json\/wp\/v2\/media?parent=12449"}],"wp:term":[{"taxonomy":"category","embeddable":true,"href":"https:\/\/radiokissnoticias.com.ar\/web\/wp-json\/wp\/v2\/categories?post=12449"},{"taxonomy":"post_tag","embeddable":true,"href":"https:\/\/radiokissnoticias.com.ar\/web\/wp-json\/wp\/v2\/tags?post=12449"}],"curies":[{"name":"wp","href":"https:\/\/api.w.org\/{rel}","templated":true}]}}