{"id":12383,"date":"2026-08-16T20:44:06","date_gmt":"2026-08-16T23:44:06","guid":{"rendered":"https:\/\/radiokissnoticias.com.ar\/web\/?p=12383"},"modified":"2026-08-16T21:14:02","modified_gmt":"2026-08-17T00:14:02","slug":"melconian-advirtio-que-el-gobierno-entro-en-un-callejon-complicado-va-a-tener-que-elegir","status":"publish","type":"post","link":"https:\/\/radiokissnoticias.com.ar\/web\/2026\/08\/16\/melconian-advirtio-que-el-gobierno-entro-en-un-callejon-complicado-va-a-tener-que-elegir\/","title":{"rendered":"Melconian advirti\u00f3 que el Gobierno entr\u00f3 en un \u201ccallej\u00f3n complicado\u201d: \u201cVa a tener que elegir\u201d"},"content":{"rendered":"<p>El economista se\u00f1al\u00f3 que el Ejecutivo deber\u00e1 optar entre bajar la inflaci\u00f3n, acumular reservas o reactivar la econom\u00eda.<\/p>\n<p>Carlos Melconian sostuvo que el Gobierno entr\u00f3 en un \u201ccallej\u00f3n complicado\u201d porque enfrenta al mismo tiempo el desaf\u00edo de bajar la inflaci\u00f3n, reactivar la econom\u00eda y acumular reservas, tres objetivos que, seg\u00fan su an\u00e1lisis, ya no podr\u00e1 alcanzar simult\u00e1neamente.<\/p>\n<p>\u201cLas cuatro cosas juntas no van a poder ser. Va a tener que elegir\u201d, afirm\u00f3 el economista al describir el escenario que enfrenta la administraci\u00f3n de Javier Milei.<\/p>\n<p>El ex titular del Banco Naci\u00f3n consider\u00f3 que el programa econ\u00f3mico atraviesa una etapa en la que la estabilidad cambiaria, la pol\u00edtica monetaria y la necesidad de recomponer las reservas comienzan a entrar en tensi\u00f3n con la recuperaci\u00f3n de la actividad.<\/p>\n<p>En ese marco, cuestion\u00f3 la decisi\u00f3n de sostener un tipo de cambio que, a su entender, genera una apreciaci\u00f3n cambiaria que afecta especialmente a los sectores menos competitivos de la econom\u00eda.<\/p>\n<p>Melconian plante\u00f3 que el Gobierno logr\u00f3 avanzar sobre el frente fiscal y monetario, pero ahora enfrenta un escenario diferente. \u201cAc\u00e1 resulta que tenemos super\u00e1vit fiscal, seca monetaria y pr\u00e1cticamente estabilidad cambiaria forzada; no es libre el mercado\u201d, se\u00f1al\u00f3, y sostuvo que el problema aparece cuando se pretende mantener simult\u00e1neamente el descenso de la inflaci\u00f3n, el crecimiento econ\u00f3mico y la acumulaci\u00f3n de d\u00f3lares.<\/p>\n<p>\u201cAhora entr\u00f3 en un callej\u00f3n complicado: no tiene reserva, tiene que comprar d\u00f3lares, tiene que reactivar la econom\u00eda y tiene que colapsar la inflaci\u00f3n\u201d, resumi\u00f3 por Splendid AM 990.<\/p>\n<p><b>Una econom\u00eda cada vez m\u00e1s desigual<\/b><\/p>\n<p>El economista tambi\u00e9n puso el foco en la evoluci\u00f3n dispar de los distintos sectores productivos y cuestion\u00f3 la idea de que la recuperaci\u00f3n econ\u00f3mica sea homog\u00e9nea. Seg\u00fan su diagn\u00f3stico, existe una fuerte diferencia entre las actividades que actualmente muestran dinamismo y aquellas que contin\u00faan atravesando dificultades.<\/p>\n<p>\u201cEl segmento ganador es 20% y el segmento muy perdedor es 50% y el neutro es 30%\u201d, describi\u00f3. Y fue todav\u00eda m\u00e1s contundente al graficar la situaci\u00f3n: \u201cNo es ni dual ni asim\u00e9trica. Es 20 bien, 50 enterrado\u201d.<\/p>\n<p>En ese esquema, destac\u00f3 el desempe\u00f1o de sectores como la miner\u00eda y el petr\u00f3leo, que aportan divisas y contribuyen a evitar una crisis financiera. Sin embargo, remarc\u00f3 que ese aporte no implica necesariamente una recuperaci\u00f3n generalizada de la econom\u00eda. \u201cNo tenemos que confundir evitar una crisis financiera con rehabilitar a la Argentina. Son dos cosas diferentes\u201d, sostuvo.<\/p>\n<p>Para Melconian, la principal dificultad est\u00e1 en que las actividades que mejor funcionan no tienen la capacidad suficiente para absorber al conjunto de los trabajadores que dependen de los sectores m\u00e1s afectados. \u201cLa parte magra de esto es una econom\u00eda gris mediocre porque el 20 ganador emplea 300.000 tipos y el 50 perdedor emplea 8 millones\u201d, afirm\u00f3.<\/p>\n<p><b>El tipo de cambio, otro frente de tensi\u00f3n<\/b><\/p>\n<p>En relaci\u00f3n con el d\u00f3lar, Melconian cuestion\u00f3 la estrategia de sostener una moneda apreciada y diferenci\u00f3 entre una econom\u00eda con una moneda fuerte y una econom\u00eda que mantiene un tipo de cambio artificialmente elevado en t\u00e9rminos reales. \u201cNo confundas apreciaci\u00f3n cambiaria con moneda fuerte\u201d, plante\u00f3.<\/p>\n<p>En ese sentido, seg\u00fan supo la Agencia Noticias Argentinas, sostuvo que el actual esquema puede profundizar los problemas de las empresas que necesitan competir en un contexto de apertura econ\u00f3mica. Ac\u00e1 estamos frente a una apreciaci\u00f3n inadecuada y, mientras se dan las reformas de largo plazo, la desregulaci\u00f3n y la mar en coche, no le metas la tenaza del tipo de cambio donde los embret\u00e1s porque vas a mandar a la quiebra a la mitad de la Argentina, advirti\u00f3.<\/p>\n<p>El economista consider\u00f3 que el debate sobre el valor del d\u00f3lar no puede analizarse de manera aislada, sino en relaci\u00f3n con la estructura productiva, los costos y la capacidad de las empresas para competir.<\/p>\n<div><b>El desaf\u00edo de reactivar la econom\u00eda<\/b><\/div>\n<div>Melconian tambi\u00e9n relativiz\u00f3 las expectativas oficiales sobre el cr\u00e9dito como motor de la recuperaci\u00f3n. A su entender, la expansi\u00f3n del financiamiento no ser\u00e1 suficiente para generar por s\u00ed sola un crecimiento s\u00f3lido y generalizado. \u201cEl virtuosismo de este programa es que explote el cr\u00e9dito para bien y eso no va a venir\u201d, sostuvo.En ese escenario, plante\u00f3 que una parte importante de la poblaci\u00f3n todav\u00eda no recuper\u00f3 el poder adquisitivo necesario para impulsar el consumo y que las diferencias entre sectores productivos se reflejan tambi\u00e9n en el comportamiento de la demanda.<\/p>\n<p>La situaci\u00f3n, seg\u00fan el economista, configura una recuperaci\u00f3n fragmentada en la que algunas actividades avanzan mientras otras permanecen rezagadas.<\/p>\n<\/div>\n<div><\/div>\n<div>\n<div><b>La \u201cfatiga social\u201d como riesgo<\/b><\/div>\n<div>M\u00e1s all\u00e1 de los indicadores macroecon\u00f3micos, Melconian puso especial \u00e9nfasis en el impacto social de una recuperaci\u00f3n que no llega de la misma manera a todos los sectores. \u201cVos ten\u00e9s que distinguir: problema galopante es financiero. El otro es un problema donde nunca sab\u00e9s por d\u00f3nde salta la liebre\u201d, explic\u00f3.En ese sentido, advirti\u00f3 que el mantenimiento de determinados niveles de estabilidad econ\u00f3mica no necesariamente garantiza que el malestar social permanezca controlado si los hogares no perciben mejoras concretas.<\/p>\n<p>\u201cCuando est\u00e1s en una econom\u00eda entre gris y gris oscuro donde 20% se la lleva con palas, 50% mira y el Presidente putea, carajea, se pelea con Lula y que un d\u00eda la gente se hincha la pelota\u201d, afirm\u00f3.<\/p>\n<p>Para el economista, el desaf\u00edo del Gobierno ser\u00e1 entonces transformar la estabilidad alcanzada en una recuperaci\u00f3n m\u00e1s amplia, capaz de alcanzar a los sectores que todav\u00eda permanecen fuera de la mejora econ\u00f3mica.<\/p>\n<\/div>\n<\/div>\n","protected":false},"excerpt":{"rendered":"<p>El economista se\u00f1al\u00f3 que el Ejecutivo deber\u00e1 optar entre bajar la inflaci\u00f3n, acumular reservas o reactivar la econom\u00eda. Carlos Melconian sostuvo que el Gobierno entr\u00f3 en un \u201ccallej\u00f3n complicado\u201d porque enfrenta al mismo tiempo el desaf\u00edo de bajar la inflaci\u00f3n, reactivar la econom\u00eda y acumular reservas, tres objetivos que, seg\u00fan su an\u00e1lisis, ya no podr\u00e1 [&hellip;]<\/p>\n","protected":false},"author":2,"featured_media":12386,"comment_status":"open","ping_status":"open","sticky":false,"template":"","format":"standard","meta":{"footnotes":""},"categories":[78],"tags":[],"class_list":["post-12383","post","type-post","status-publish","format-standard","has-post-thumbnail","category-nacional"],"_links":{"self":[{"href":"https:\/\/radiokissnoticias.com.ar\/web\/wp-json\/wp\/v2\/posts\/12383","targetHints":{"allow":["GET"]}}],"collection":[{"href":"https:\/\/radiokissnoticias.com.ar\/web\/wp-json\/wp\/v2\/posts"}],"about":[{"href":"https:\/\/radiokissnoticias.com.ar\/web\/wp-json\/wp\/v2\/types\/post"}],"author":[{"embeddable":true,"href":"https:\/\/radiokissnoticias.com.ar\/web\/wp-json\/wp\/v2\/users\/2"}],"replies":[{"embeddable":true,"href":"https:\/\/radiokissnoticias.com.ar\/web\/wp-json\/wp\/v2\/comments?post=12383"}],"version-history":[{"count":2,"href":"https:\/\/radiokissnoticias.com.ar\/web\/wp-json\/wp\/v2\/posts\/12383\/revisions"}],"predecessor-version":[{"id":12387,"href":"https:\/\/radiokissnoticias.com.ar\/web\/wp-json\/wp\/v2\/posts\/12383\/revisions\/12387"}],"wp:featuredmedia":[{"embeddable":true,"href":"https:\/\/radiokissnoticias.com.ar\/web\/wp-json\/wp\/v2\/media\/12386"}],"wp:attachment":[{"href":"https:\/\/radiokissnoticias.com.ar\/web\/wp-json\/wp\/v2\/media?parent=12383"}],"wp:term":[{"taxonomy":"category","embeddable":true,"href":"https:\/\/radiokissnoticias.com.ar\/web\/wp-json\/wp\/v2\/categories?post=12383"},{"taxonomy":"post_tag","embeddable":true,"href":"https:\/\/radiokissnoticias.com.ar\/web\/wp-json\/wp\/v2\/tags?post=12383"}],"curies":[{"name":"wp","href":"https:\/\/api.w.org\/{rel}","templated":true}]}}