{"id":12301,"date":"2026-08-15T14:19:43","date_gmt":"2026-08-15T17:19:43","guid":{"rendered":"https:\/\/radiokissnoticias.com.ar\/web\/?p=12301"},"modified":"2026-08-15T14:19:43","modified_gmt":"2026-08-15T17:19:43","slug":"he-quedado-unido-a-ustedes-para-siempre-monsenor-faifer-celebra-62-anos-de-sacerdocio","status":"publish","type":"post","link":"https:\/\/radiokissnoticias.com.ar\/web\/2026\/08\/15\/he-quedado-unido-a-ustedes-para-siempre-monsenor-faifer-celebra-62-anos-de-sacerdocio\/","title":{"rendered":"&#8220;He quedado unido a ustedes para siempre&#8221;: monse\u00f1or Faifer celebra 62 a\u00f1os de sacerdocio"},"content":{"rendered":"<p>La feligres\u00eda de la Di\u00f3cesis de Goya se une en oraci\u00f3n este 15 de agosto para dar gracias a Dios por los 62 a\u00f1os de sacerdocio de monse\u00f1or Ricardo Oscar Faifer, obispo em\u00e9rito. Con motivo de este aniversario, a las 17, el prelado presidir\u00e1 una misa de acci\u00f3n de gracias en el Santuario Don Orione, en Claypole, provincia de Buenos Aires, donde reside actualmente. Desde el Obispado de Goya expresaron: &#8220;Es justo dar gracias a Dios por su amor y fidelidad, por su entrega y servicio&#8221;.<\/p>\n<p>Monse\u00f1or Faifer fue ordenado sacerdote el 15 de agosto de 1964 y, poco despu\u00e9s, viaj\u00f3 a Roma para continuar su formaci\u00f3n en la Pontificia Universidad Gregoriana, donde obtuvo la licenciatura en Derecho Can\u00f3nico.<\/p>\n<p>A su regreso a la Argentina, desarroll\u00f3 su ministerio en la Di\u00f3cesis de Gualeguaych\u00fa, primero como vicario en la Iglesia Catedral y luego en Santa Teresita.<\/p>\n<p>En 1973 fue destinado a Galarza y, en 1977, regres\u00f3 a Gualeguaych\u00fa como p\u00e1rroco de Santa Teresita, servicio que desempe\u00f1\u00f3 durante m\u00e1s de dos d\u00e9cadas. Tambi\u00e9n fue director espiritual del Seminario Menor y profesor de Teolog\u00eda y de Derecho Can\u00f3nico en el Seminario Diocesano &#8220;Mar\u00eda Madre de la Iglesia&#8221;. En 1997 fue designado vicario general de la Di\u00f3cesis de Gualeguaych\u00fa.<\/p>\n<p>El 12 de diciembre de 2002, monse\u00f1or Ricardo Faifer fue ordenado obispo y tom\u00f3 posesi\u00f3n como tercer obispo de Goya, sucediendo a monse\u00f1or Luis Teodorico St\u00f6ckler.<\/p>\n<p>Permaneci\u00f3 al frente de la di\u00f3cesis hasta 2015, cuando present\u00f3 su renuncia al papa Francisco al haber cumplido 75 a\u00f1os. Su dimisi\u00f3n fue aceptada el 24 de septiembre de ese a\u00f1o y monse\u00f1or Adolfo Ram\u00f3n Canec\u00edn, entonces obispo coadjutor, asumi\u00f3 como cuarto obispo diocesano.<\/p>\n<p><b>&#8220;He quedado unido a ustedes para siempre&#8221;<br \/>\n<\/b><br \/>\nEn su libro Con memoria agradecida, donde sintetiz\u00f3 su ministerio episcopal como pastor de la Di\u00f3cesis de Goya, monse\u00f1or Faifer expres\u00f3 con particular afecto el v\u00ednculo construido con las comunidades goyanas.<\/p>\n<p>&#8220;Al hacerme cargo del servicio pastoral de la Di\u00f3cesis de Goya, ten\u00eda un gran deseo de conocerlos&#8221;, record\u00f3, para luego reconocer que aquella realidad que inicialmente era para \u00e9l &#8220;un horizonte desconocido geogr\u00e1fica y humanamente&#8221; termin\u00f3 quedando asociada a &#8220;tant\u00edsimos rostros, nombres, familias y paisajes&#8221;.<\/p>\n<p>&#8220;\u00a1Cu\u00e1ntos chamigos queridos!&#8221;, escribi\u00f3 el obispo em\u00e9rito, destacando que su paso por Goya fue motivo de profunda acci\u00f3n de gracias: &#8220;Bendigo al Se\u00f1or que en su providencia dispuso que fuese Pastor de la Iglesia de Goya. He quedado unido a ustedes para siempre.<\/p>\n<p>En ese mismo esp\u00edritu, agradeci\u00f3 a las comunidades por la comprensi\u00f3n, el cari\u00f1o y la colaboraci\u00f3n recibidos durante sus a\u00f1os de servicio episcopal, y dedic\u00f3 un reconocimiento especial a los sacerdotes que compartieron con \u00e9l la tarea pastoral. Tambi\u00e9n destac\u00f3 la fraternidad con los obispos del Nordeste Argentino, a quienes agradeci\u00f3 por la amistad, el acompa\u00f1amiento y la experiencia de la colegialidad episcopal.<\/p>\n<p>Al celebrar sus 62 a\u00f1os de sacerdocio, la Di\u00f3cesis de Goya eleva una acci\u00f3n de gracias por la vida y el ministerio de su obispo em\u00e9rito, confiando su presente y su futuro a la oraci\u00f3n de toda la comunidad diocesana.<\/p>\n<p>Como \u00e9l mismo record\u00f3 en *Con memoria agradecida*, al concluir la misi\u00f3n recibida, &#8220;solamente nos corresponde repetir lo que dijo Jes\u00fas: &#8216;Somos simples servidores, no hemos hecho m\u00e1s que cumplir nuestro deber'&#8221; (Lc 17,10).-<\/p>\n<p>PRENSA OBISPADO DE GOYA<\/p>\n","protected":false},"excerpt":{"rendered":"<p>La feligres\u00eda de la Di\u00f3cesis de Goya se une en oraci\u00f3n este 15 de agosto para dar gracias a Dios por los 62 a\u00f1os de sacerdocio de monse\u00f1or Ricardo Oscar Faifer, obispo em\u00e9rito. Con motivo de este aniversario, a las 17, el prelado presidir\u00e1 una misa de acci\u00f3n de gracias en el Santuario Don Orione, [&hellip;]<\/p>\n","protected":false},"author":2,"featured_media":12302,"comment_status":"open","ping_status":"open","sticky":false,"template":"","format":"standard","meta":{"footnotes":""},"categories":[77],"tags":[],"class_list":["post-12301","post","type-post","status-publish","format-standard","has-post-thumbnail","category-local"],"_links":{"self":[{"href":"https:\/\/radiokissnoticias.com.ar\/web\/wp-json\/wp\/v2\/posts\/12301","targetHints":{"allow":["GET"]}}],"collection":[{"href":"https:\/\/radiokissnoticias.com.ar\/web\/wp-json\/wp\/v2\/posts"}],"about":[{"href":"https:\/\/radiokissnoticias.com.ar\/web\/wp-json\/wp\/v2\/types\/post"}],"author":[{"embeddable":true,"href":"https:\/\/radiokissnoticias.com.ar\/web\/wp-json\/wp\/v2\/users\/2"}],"replies":[{"embeddable":true,"href":"https:\/\/radiokissnoticias.com.ar\/web\/wp-json\/wp\/v2\/comments?post=12301"}],"version-history":[{"count":1,"href":"https:\/\/radiokissnoticias.com.ar\/web\/wp-json\/wp\/v2\/posts\/12301\/revisions"}],"predecessor-version":[{"id":12303,"href":"https:\/\/radiokissnoticias.com.ar\/web\/wp-json\/wp\/v2\/posts\/12301\/revisions\/12303"}],"wp:featuredmedia":[{"embeddable":true,"href":"https:\/\/radiokissnoticias.com.ar\/web\/wp-json\/wp\/v2\/media\/12302"}],"wp:attachment":[{"href":"https:\/\/radiokissnoticias.com.ar\/web\/wp-json\/wp\/v2\/media?parent=12301"}],"wp:term":[{"taxonomy":"category","embeddable":true,"href":"https:\/\/radiokissnoticias.com.ar\/web\/wp-json\/wp\/v2\/categories?post=12301"},{"taxonomy":"post_tag","embeddable":true,"href":"https:\/\/radiokissnoticias.com.ar\/web\/wp-json\/wp\/v2\/tags?post=12301"}],"curies":[{"name":"wp","href":"https:\/\/api.w.org\/{rel}","templated":true}]}}