{"id":12144,"date":"2026-08-13T22:05:33","date_gmt":"2026-08-14T01:05:33","guid":{"rendered":"https:\/\/radiokissnoticias.com.ar\/web\/?p=12144"},"modified":"2026-08-13T22:05:33","modified_gmt":"2026-08-14T01:05:33","slug":"paso-de-la-patria-se-encienden-los-motores-de-la-61-fiesta-nacional-del-dorado","status":"publish","type":"post","link":"https:\/\/radiokissnoticias.com.ar\/web\/2026\/08\/13\/paso-de-la-patria-se-encienden-los-motores-de-la-61-fiesta-nacional-del-dorado\/","title":{"rendered":"Paso de la Patria: se encienden los motores de la 61\u00b0 Fiesta Nacional del Dorado"},"content":{"rendered":"<p><img loading=\"lazy\" decoding=\"async\" class=\"\" src=\"https:\/\/www.powernoticias.com\/images\/202608132004465229\" width=\"603\" height=\"905\" \/><\/p>\n<p>La villa tur\u00edstica de Paso de la Patria abre sus puertas para vivir la 61\u00b0 Fiesta Nacional de la Pesca del Dorado, un evento hist\u00f3rico que se extender\u00e1 desde este viernes 14 hasta el lunes 17 de agosto. Con la meta de devolverle el esplendor de las doradas d\u00e9cadas del 80 y 90, el Municipio prepara un despliegue integral en Playa Grande (Bah\u00eda Punta Mitre), el anfiteatro Pin\u00edn Palma y la zona de Playa Pel\u00edcano, donde se espera gran afluencia de visitantes diarios.<\/p>\n<p>\u00abQueremos que vuelva a ser el epicentro tur\u00edstico de la regi\u00f3n\u00bb, asegur\u00f3 el intendente Oscar \u00abChino\u00bb Garc\u00eda en di\u00e1logo con los medios a pocas horas de la apertura del evento. Para respaldar esa ambici\u00f3n, la comisi\u00f3n organizadora dise\u00f1\u00f3 una grilla de premios sin precedentes en la zona: entre todos los pescadores inscriptos, independientemente de si logran piezas o no, se sortear\u00e1 un chalet de fin de semana de 50 metros cuadrados cubiertos sobre un terreno de 450 m\u00b2, totalmente equipado y listo para habitar, adem\u00e1s de una lancha con motor de 40 HP.<\/p>\n<p>Los pescadores que llegan a compartir la pasi\u00f3n por el dorado tendr\u00e1n un recibimiento especial este viernes 14, con una caravana con concentraci\u00f3n a partir de las 14.30 en la Intersecci\u00f3n de Ruta Provincial 1 y 9.<\/p>\n<p>La caravana que volver\u00e1 a recorrer las calles de la Villa Tur\u00edstica cargada de alegr\u00eda, tradici\u00f3n y emoci\u00f3n, culminar\u00e1 con una gran foto grupal en el m\u00e9dano hist\u00f3rico.<\/p>\n<p>El gran torneo de pesca del \u00abTigre del r\u00edo\u00bb, ser\u00e1 el domingo 16. El parque cerrado de embarcaciones se habilitar\u00e1 a las 7. La largada de lanchas del Concurso Nacional de Pesca del Dorado ser\u00e1 a las 9.<\/p>\n<p>Pasi\u00f3n en el r\u00edo, investigaci\u00f3n cient\u00edfica y conciencia ambiental<\/p>\n<p>El epicentro del concurso embarcado con devoluci\u00f3n \u2014que ya roza las 300 embarcaciones inscriptas y prev\u00e9 superar las 400 en cancha\u2014 estar\u00e1 marcado no solo por la competencia, sino por el cuidado de los recursos naturales. La edici\u00f3n 2026 sumar\u00e1 un monitoreo de bi\u00f3logos y t\u00e9cnicos de la Universidad Nacional del Nordeste (UNNE) y de la Universidad Nacional de Rosario, en forma conjunta con la Direcci\u00f3n de Recursos Naturales, para evaluar el estado sanitario de las especies cobradas.<\/p>\n<p>A la par, se implementar\u00e1 el programa \u00abR\u00edo Limpio\u00bb, que premiar\u00e1 con sorteos de un mill\u00f3n de pesos a los pescadores que mantengan sus embarcaciones libres de residuos. \u00abLa idea es ratificar al Paso como un pesquero de excelencia, pero cuidando el ambiente para que la fiesta siga viva\u00bb, afirm\u00f3 el jefe comunal.<\/p>\n<p>M\u00fasica, juventud y un estricto operativo de seguridad<\/p>\n<p>El cronograma festivo combina una variada propuesta folcl\u00f3rica y tropical. Sobre el escenario principal desfilar\u00e1n figuras como \u201cPiko\u201d Franc, Iv\u00e1n Ruiz, Mat\u00edas Valdez y Los Continuados, Los Pr\u00edncipes de Misiones, Mauri y el Arranke, Vruno, Gissella. El p\u00fablico joven tendr\u00e1 su espacio en el sector de la bah\u00eda con la presencia de boliches bailables y la actuaci\u00f3n del destacado DJ Fer Palacios, mientras que la noche del s\u00e1bado coronar\u00e1 a la nueva Reina Nacional del Dorado con la presencia del gobernador de la provincia.<\/p>\n<p>Dada la masiva afluencia que colmar\u00e1 la capacidad receptiva de la Villa (que supera las 5.500 plazas hoteleras y de alquiler temporal), la Comuna implementar\u00e1 rigurosos controles de alcoholemia en los accesos y la zona costera. \u00abEl objetivo es que sea un encuentro de disfrute familiar, donde la fiesta sea noticia por el deporte y la alegr\u00eda\u00bb, concluyeron desde la organizaci\u00f3n.<\/p>\n<p>En cuanto los costos y punto de venta de los accesos para disfrutar de todos los festivales y la Expo Dorado, desde la Comuna se inform\u00f3 que se pueden adquirir en el Predio Expo Dorado (Avenida Costanera Gral San Mart\u00edn y Yapey\u00fa). Para el viernes el costo es de $5.000; para el s\u00e1bado se abonar\u00e1 $10.000 y el domingo, tendr\u00e1 un valor de $5.000. Tambi\u00e9n se puede obtener un pase para los 3 d\u00edas por $15.000.<\/p>\n<p>Asimismo recuerdan a los residentes de Paso de la Patria que el acceso es sin cargo, presentando su DNI que acredite domicilio en la localidad.<\/p>\n<p>Tambi\u00e9n remarcaron que se abona entrada a partir de los 12 a\u00f1os cumplidos.<\/p>\n<p>Mientras que Jubilados y Veteranos de Malvinas tienen un 50% de descuento en el valor de la entrada.<\/p>\n<p>Personas con Certificado \u00danico de Discapacidad (CUD) ingresan gratis con un (1) acompa\u00f1ante<\/p>\n","protected":false},"excerpt":{"rendered":"<p>La villa tur\u00edstica de Paso de la Patria abre sus puertas para vivir la 61\u00b0 Fiesta Nacional de la Pesca del Dorado, un evento hist\u00f3rico que se extender\u00e1 desde este viernes 14 hasta el lunes 17 de agosto. Con la meta de devolverle el esplendor de las doradas d\u00e9cadas del 80 y 90, el Municipio [&hellip;]<\/p>\n","protected":false},"author":2,"featured_media":12145,"comment_status":"open","ping_status":"open","sticky":false,"template":"","format":"standard","meta":{"footnotes":""},"categories":[79],"tags":[],"class_list":["post-12144","post","type-post","status-publish","format-standard","has-post-thumbnail","category-provincia"],"_links":{"self":[{"href":"https:\/\/radiokissnoticias.com.ar\/web\/wp-json\/wp\/v2\/posts\/12144","targetHints":{"allow":["GET"]}}],"collection":[{"href":"https:\/\/radiokissnoticias.com.ar\/web\/wp-json\/wp\/v2\/posts"}],"about":[{"href":"https:\/\/radiokissnoticias.com.ar\/web\/wp-json\/wp\/v2\/types\/post"}],"author":[{"embeddable":true,"href":"https:\/\/radiokissnoticias.com.ar\/web\/wp-json\/wp\/v2\/users\/2"}],"replies":[{"embeddable":true,"href":"https:\/\/radiokissnoticias.com.ar\/web\/wp-json\/wp\/v2\/comments?post=12144"}],"version-history":[{"count":1,"href":"https:\/\/radiokissnoticias.com.ar\/web\/wp-json\/wp\/v2\/posts\/12144\/revisions"}],"predecessor-version":[{"id":12146,"href":"https:\/\/radiokissnoticias.com.ar\/web\/wp-json\/wp\/v2\/posts\/12144\/revisions\/12146"}],"wp:featuredmedia":[{"embeddable":true,"href":"https:\/\/radiokissnoticias.com.ar\/web\/wp-json\/wp\/v2\/media\/12145"}],"wp:attachment":[{"href":"https:\/\/radiokissnoticias.com.ar\/web\/wp-json\/wp\/v2\/media?parent=12144"}],"wp:term":[{"taxonomy":"category","embeddable":true,"href":"https:\/\/radiokissnoticias.com.ar\/web\/wp-json\/wp\/v2\/categories?post=12144"},{"taxonomy":"post_tag","embeddable":true,"href":"https:\/\/radiokissnoticias.com.ar\/web\/wp-json\/wp\/v2\/tags?post=12144"}],"curies":[{"name":"wp","href":"https:\/\/api.w.org\/{rel}","templated":true}]}}